{"id":28757,"date":"2023-03-23T00:56:20","date_gmt":"2023-03-23T00:56:20","guid":{"rendered":"https:\/\/blogdorogeriogomes.com.br\/?p=28757"},"modified":"2023-03-23T10:44:00","modified_gmt":"2023-03-23T10:44:00","slug":"festival-expocrato-2023-tem-data-definida-para-o-proximo-mes-de-julho","status":"publish","type":"post","link":"https:\/\/blogdorogeriogomes.com.br\/noticias\/2023\/03\/festival-expocrato-2023-tem-data-definida-para-o-proximo-mes-de-julho\/","title":{"rendered":"Festival Expocrato 2023 tem data definida para o pr\u00f3ximo m\u00eas de julho"},"content":{"rendered":"\n<p>O Festival Expocrato 2023 teve a data definida para o per\u00edodo de 9 a 16 de julho. A Expocrato, que conta com uma feira agropecu\u00e1ria aliada a um festival de m\u00fasica com artistas de renome nacional, acontece no munic\u00edpio do Crato, na Regi\u00e3o do Cariri.<\/p>\n\n\n\n<p>O evento deste ano ainda ter\u00e1 a programa\u00e7\u00e3o art\u00edstica definida, mas deve reunir cerca de 50 atra\u00e7\u00f5es entre cantores e bandas locais e nacionais.<\/p>\n\n\n\n<p>Na edi\u00e7\u00e3o de 2022 estiveram artistas como Xand Avi\u00e3o, Nattan, Mari Fernandez,  Ludmilla, Lu\u00edsa Sonza, Erasmo Carlos, entre outros.<\/p>\n\n\n\n<figure class=\"wp-block-image size-full\"><img loading=\"lazy\" decoding=\"async\" width=\"984\" height=\"656\" src=\"https:\/\/blogdorogeriogomes.com.br\/wp-content\/uploads\/2023\/03\/expocrato-2022-g1-c.jpeg\" alt=\"\" class=\"wp-image-28758\" srcset=\"https:\/\/blogdorogeriogomes.com.br\/noticias\/wp-content\/uploads\/2023\/03\/expocrato-2022-g1-c.jpeg 984w, https:\/\/blogdorogeriogomes.com.br\/noticias\/wp-content\/uploads\/2023\/03\/expocrato-2022-g1-c-300x200.jpeg 300w, https:\/\/blogdorogeriogomes.com.br\/noticias\/wp-content\/uploads\/2023\/03\/expocrato-2022-g1-c-768x512.jpeg 768w, https:\/\/blogdorogeriogomes.com.br\/noticias\/wp-content\/uploads\/2023\/03\/expocrato-2022-g1-c-800x533.jpeg 800w\" sizes=\"auto, (max-width: 984px) 100vw, 984px\" \/><\/figure>\n\n\n\n<p><\/p>\n","protected":false},"excerpt":{"rendered":"<p>O Festival Expocrato 2023 teve a data definida para o per\u00edodo de 9 a 16 de julho. A Expocrato, que conta com uma feira agropecu\u00e1ria aliada a um festival de m\u00fasica com artistas de renome nacional, acontece no munic\u00edpio do Crato, na Regi\u00e3o do Cariri. O evento deste ano ainda ter\u00e1 a programa\u00e7\u00e3o art\u00edstica definida, mas deve reunir cerca de 50 atra\u00e7\u00f5es entre cantores e bandas locais e nacionais. Na edi\u00e7\u00e3o de 2022 estiveram artistas como Xand Avi\u00e3o, Nattan,&hellip;<\/p>\n","protected":false},"author":1,"featured_media":28758,"comment_status":"open","ping_status":"open","sticky":false,"template":"","format":"standard","meta":{"footnotes":""},"categories":[1],"tags":[],"class_list":["post-28757","post","type-post","status-publish","format-standard","has-post-thumbnail","hentry","category-noticias"],"_links":{"self":[{"href":"https:\/\/blogdorogeriogomes.com.br\/noticias\/wp-json\/wp\/v2\/posts\/28757","targetHints":{"allow":["GET"]}}],"collection":[{"href":"https:\/\/blogdorogeriogomes.com.br\/noticias\/wp-json\/wp\/v2\/posts"}],"about":[{"href":"https:\/\/blogdorogeriogomes.com.br\/noticias\/wp-json\/wp\/v2\/types\/post"}],"author":[{"embeddable":true,"href":"https:\/\/blogdorogeriogomes.com.br\/noticias\/wp-json\/wp\/v2\/users\/1"}],"replies":[{"embeddable":true,"href":"https:\/\/blogdorogeriogomes.com.br\/noticias\/wp-json\/wp\/v2\/comments?post=28757"}],"version-history":[{"count":1,"href":"https:\/\/blogdorogeriogomes.com.br\/noticias\/wp-json\/wp\/v2\/posts\/28757\/revisions"}],"predecessor-version":[{"id":28759,"href":"https:\/\/blogdorogeriogomes.com.br\/noticias\/wp-json\/wp\/v2\/posts\/28757\/revisions\/28759"}],"wp:featuredmedia":[{"embeddable":true,"href":"https:\/\/blogdorogeriogomes.com.br\/noticias\/wp-json\/wp\/v2\/media\/28758"}],"wp:attachment":[{"href":"https:\/\/blogdorogeriogomes.com.br\/noticias\/wp-json\/wp\/v2\/media?parent=28757"}],"wp:term":[{"taxonomy":"category","embeddable":true,"href":"https:\/\/blogdorogeriogomes.com.br\/noticias\/wp-json\/wp\/v2\/categories?post=28757"},{"taxonomy":"post_tag","embeddable":true,"href":"https:\/\/blogdorogeriogomes.com.br\/noticias\/wp-json\/wp\/v2\/tags?post=28757"}],"curies":[{"name":"wp","href":"https:\/\/api.w.org\/{rel}","templated":true}]}}