{"id":28760,"date":"2023-03-23T10:31:28","date_gmt":"2023-03-23T10:31:28","guid":{"rendered":"https:\/\/blogdorogeriogomes.com.br\/?p=28760"},"modified":"2023-03-23T10:42:56","modified_gmt":"2023-03-23T10:42:56","slug":"governador-elmano-de-freitas-envia-para-assembleia-legislativa-mensagem-para-revogar-lei-que-alterava-politica-de-beneficios-fiscais","status":"publish","type":"post","link":"https:\/\/blogdorogeriogomes.com.br\/noticias\/2023\/03\/governador-elmano-de-freitas-envia-para-assembleia-legislativa-mensagem-para-revogar-lei-que-alterava-politica-de-beneficios-fiscais\/","title":{"rendered":"Governador Elmano de Freitas envia para Assembleia Legislativa mensagem para revogar lei que alterava pol\u00edtica de benef\u00edcios fiscais"},"content":{"rendered":"\n<p>O governador Elmano de Freitas enviou \u00e0 Assembleia Legislativa do Cear\u00e1 (Alece), nesta quarta-feira, dia 22 de mar\u00e7o, mensagem de projeto de lei que revoga o Fundo Estadual de Sustentabilidade Fiscal (Fesf). A decis\u00e3o foi comunicada ap\u00f3s reuni\u00e3o no Pal\u00e1cio da Aboli\u00e7\u00e3o com o secret\u00e1rio de Desenvolvimento Econ\u00f4mico, Salmito Filho, e o presidente da Federa\u00e7\u00e3o de Ind\u00fastrias do Estado do Cear\u00e1 (Fiec), Ricardo Cavalcante.<\/p>\n\n\n\n<p>No \u00faltimo dia 10 de mar\u00e7o, Uni\u00e3o e todos os estados da Federa\u00e7\u00e3o celebraram um acordo para compensa\u00e7\u00e3o das perdas resultantes de mudan\u00e7as estabelecidas no ano passado na cobran\u00e7a do Imposto de Circula\u00e7\u00e3o de Mercadorias e Servi\u00e7os (ICMS) sobre combust\u00edveis, energia el\u00e9trica, comunica\u00e7\u00f5es e transportes. Com isso, o Tesouro Estadual prev\u00ea contar com R$ 97 milh\u00f5es l\u00edquidos dessa transfer\u00eancia em 2023, informou a Secretaria da Fazenda do Cear\u00e1 (Sefaz-CE).<\/p>\n\n\n\n<figure class=\"wp-block-image size-large\"><img loading=\"lazy\" decoding=\"async\" width=\"1024\" height=\"684\" src=\"https:\/\/blogdorogeriogomes.com.br\/wp-content\/uploads\/2023\/03\/230322_ANUNCIO-FIEC-FESF_CG0072-1200x802-1-1024x684.jpg\" alt=\"\" class=\"wp-image-28761\" srcset=\"https:\/\/blogdorogeriogomes.com.br\/noticias\/wp-content\/uploads\/2023\/03\/230322_ANUNCIO-FIEC-FESF_CG0072-1200x802-1-1024x684.jpg 1024w, https:\/\/blogdorogeriogomes.com.br\/noticias\/wp-content\/uploads\/2023\/03\/230322_ANUNCIO-FIEC-FESF_CG0072-1200x802-1-300x201.jpg 300w, https:\/\/blogdorogeriogomes.com.br\/noticias\/wp-content\/uploads\/2023\/03\/230322_ANUNCIO-FIEC-FESF_CG0072-1200x802-1-768x513.jpg 768w, https:\/\/blogdorogeriogomes.com.br\/noticias\/wp-content\/uploads\/2023\/03\/230322_ANUNCIO-FIEC-FESF_CG0072-1200x802-1-800x535.jpg 800w, https:\/\/blogdorogeriogomes.com.br\/noticias\/wp-content\/uploads\/2023\/03\/230322_ANUNCIO-FIEC-FESF_CG0072-1200x802-1.jpg 1200w\" sizes=\"auto, (max-width: 1024px) 100vw, 1024px\" \/><\/figure>\n","protected":false},"excerpt":{"rendered":"<p>O governador Elmano de Freitas enviou \u00e0 Assembleia Legislativa do Cear\u00e1 (Alece), nesta quarta-feira, dia 22 de mar\u00e7o, mensagem de projeto de lei que revoga o Fundo Estadual de Sustentabilidade Fiscal (Fesf). A decis\u00e3o foi comunicada ap\u00f3s reuni\u00e3o no Pal\u00e1cio da Aboli\u00e7\u00e3o com o secret\u00e1rio de Desenvolvimento Econ\u00f4mico, Salmito Filho, e o presidente da Federa\u00e7\u00e3o de Ind\u00fastrias do Estado do Cear\u00e1 (Fiec), Ricardo Cavalcante. No \u00faltimo dia 10 de mar\u00e7o, Uni\u00e3o e todos os estados da Federa\u00e7\u00e3o celebraram um&hellip;<\/p>\n","protected":false},"author":1,"featured_media":28761,"comment_status":"open","ping_status":"open","sticky":false,"template":"","format":"standard","meta":{"footnotes":""},"categories":[1],"tags":[],"class_list":["post-28760","post","type-post","status-publish","format-standard","has-post-thumbnail","hentry","category-noticias"],"_links":{"self":[{"href":"https:\/\/blogdorogeriogomes.com.br\/noticias\/wp-json\/wp\/v2\/posts\/28760","targetHints":{"allow":["GET"]}}],"collection":[{"href":"https:\/\/blogdorogeriogomes.com.br\/noticias\/wp-json\/wp\/v2\/posts"}],"about":[{"href":"https:\/\/blogdorogeriogomes.com.br\/noticias\/wp-json\/wp\/v2\/types\/post"}],"author":[{"embeddable":true,"href":"https:\/\/blogdorogeriogomes.com.br\/noticias\/wp-json\/wp\/v2\/users\/1"}],"replies":[{"embeddable":true,"href":"https:\/\/blogdorogeriogomes.com.br\/noticias\/wp-json\/wp\/v2\/comments?post=28760"}],"version-history":[{"count":1,"href":"https:\/\/blogdorogeriogomes.com.br\/noticias\/wp-json\/wp\/v2\/posts\/28760\/revisions"}],"predecessor-version":[{"id":28762,"href":"https:\/\/blogdorogeriogomes.com.br\/noticias\/wp-json\/wp\/v2\/posts\/28760\/revisions\/28762"}],"wp:featuredmedia":[{"embeddable":true,"href":"https:\/\/blogdorogeriogomes.com.br\/noticias\/wp-json\/wp\/v2\/media\/28761"}],"wp:attachment":[{"href":"https:\/\/blogdorogeriogomes.com.br\/noticias\/wp-json\/wp\/v2\/media?parent=28760"}],"wp:term":[{"taxonomy":"category","embeddable":true,"href":"https:\/\/blogdorogeriogomes.com.br\/noticias\/wp-json\/wp\/v2\/categories?post=28760"},{"taxonomy":"post_tag","embeddable":true,"href":"https:\/\/blogdorogeriogomes.com.br\/noticias\/wp-json\/wp\/v2\/tags?post=28760"}],"curies":[{"name":"wp","href":"https:\/\/api.w.org\/{rel}","templated":true}]}}