{"id":28769,"date":"2023-03-23T13:44:25","date_gmt":"2023-03-23T13:44:25","guid":{"rendered":"https:\/\/blogdorogeriogomes.com.br\/?p=28769"},"modified":"2023-03-24T13:10:09","modified_gmt":"2023-03-24T13:10:09","slug":"camara-de-fortaleza-aprovou-emprestimos-de-ate-r-19-bilhao-a-pedido-do-prefeito-jose-sarto","status":"publish","type":"post","link":"https:\/\/blogdorogeriogomes.com.br\/noticias\/2023\/03\/camara-de-fortaleza-aprovou-emprestimos-de-ate-r-19-bilhao-a-pedido-do-prefeito-jose-sarto\/","title":{"rendered":"C\u00e2mara de Fortaleza aprovou empr\u00e9stimos de at\u00e9 R$ 1,9 bilh\u00e3o a pedido do prefeito Jos\u00e9 Sarto"},"content":{"rendered":"\n<p>Mesmo com a resist\u00eancia de parlamentares da oposi\u00e7\u00e3o, a C\u00e2mara Municipal de Fortaleza aprovou este m\u00eas quase R$ 2 bilh\u00f5es de reais em empr\u00e9stimos para a Prefeitura. Os recursos ser\u00e3o utilizados para o programa de Urbaniza\u00e7\u00e3o e Mobilidade da Capital e pagar despesas e custear pol\u00edticas p\u00fablicas de Fortaleza.<\/p>\n\n\n\n<p>A autoriza\u00e7\u00e3o para os empr\u00e9stimos foi solicitada pelo pr\u00f3prio prefeito Jos\u00e9 Sarto e ganhou a ades\u00e3o at\u00e9 de alguns vereadores que fazem oposi\u00e7\u00e3o aqui na C\u00e2mara Municipal de Fortaleza.<\/p>\n\n\n\n<p>A opera\u00e7\u00e3o de cr\u00e9dito de US$ 150 milh\u00f5es de d\u00f3lares, equivalente a R$ 770 milh\u00f5es de reais e aprovada ontem, ser\u00e1 feita junto \u00e0 Corpora\u00e7\u00e3o Andina de Fomento \u2013 o CAF e foi aprovada em regime de urg\u00eancia. No in\u00edcio do m\u00eas, os vereadores j\u00e1 haviam autorizado empr\u00e9stimos de at\u00e9 R$ 1,2 bilh\u00e3o para pagar despesas e custear programas municipais. &#8220;As autoriza\u00e7\u00f5es conquistadas na C\u00e2mara Municipal revelam que o prefeito Jos\u00e9 Sarto mant\u00e9m uma confort\u00e1vel maioria de votos entre os 46 vereadores da Capital&#8221;, disse Didi Mangueira, l\u00edder do prefeito na C\u00e2mara Municipal de Fortaleza.<\/p>\n\n\n\n<figure class=\"wp-block-image size-large\"><img loading=\"lazy\" decoding=\"async\" width=\"1024\" height=\"768\" src=\"https:\/\/blogdorogeriogomes.com.br\/wp-content\/uploads\/2023\/03\/IMG_20230323_103717310-1024x768.jpg\" alt=\"\" class=\"wp-image-28770\" srcset=\"https:\/\/blogdorogeriogomes.com.br\/noticias\/wp-content\/uploads\/2023\/03\/IMG_20230323_103717310-1024x768.jpg 1024w, https:\/\/blogdorogeriogomes.com.br\/noticias\/wp-content\/uploads\/2023\/03\/IMG_20230323_103717310-300x225.jpg 300w, https:\/\/blogdorogeriogomes.com.br\/noticias\/wp-content\/uploads\/2023\/03\/IMG_20230323_103717310-768x576.jpg 768w, https:\/\/blogdorogeriogomes.com.br\/noticias\/wp-content\/uploads\/2023\/03\/IMG_20230323_103717310-1536x1152.jpg 1536w, https:\/\/blogdorogeriogomes.com.br\/noticias\/wp-content\/uploads\/2023\/03\/IMG_20230323_103717310-2048x1536.jpg 2048w, https:\/\/blogdorogeriogomes.com.br\/noticias\/wp-content\/uploads\/2023\/03\/IMG_20230323_103717310-800x600.jpg 800w, https:\/\/blogdorogeriogomes.com.br\/noticias\/wp-content\/uploads\/2023\/03\/IMG_20230323_103717310-400x300.jpg 400w\" sizes=\"auto, (max-width: 1024px) 100vw, 1024px\" \/><\/figure>\n","protected":false},"excerpt":{"rendered":"<p>Mesmo com a resist\u00eancia de parlamentares da oposi\u00e7\u00e3o, a C\u00e2mara Municipal de Fortaleza aprovou este m\u00eas quase R$ 2 bilh\u00f5es de reais em empr\u00e9stimos para a Prefeitura. Os recursos ser\u00e3o utilizados para o programa de Urbaniza\u00e7\u00e3o e Mobilidade da Capital e pagar despesas e custear pol\u00edticas p\u00fablicas de Fortaleza. A autoriza\u00e7\u00e3o para os empr\u00e9stimos foi solicitada pelo pr\u00f3prio prefeito Jos\u00e9 Sarto e ganhou a ades\u00e3o at\u00e9 de alguns vereadores que fazem oposi\u00e7\u00e3o aqui na C\u00e2mara Municipal de Fortaleza. A&hellip;<\/p>\n","protected":false},"author":1,"featured_media":28770,"comment_status":"open","ping_status":"open","sticky":false,"template":"","format":"standard","meta":{"footnotes":""},"categories":[1],"tags":[],"class_list":["post-28769","post","type-post","status-publish","format-standard","has-post-thumbnail","hentry","category-noticias"],"_links":{"self":[{"href":"https:\/\/blogdorogeriogomes.com.br\/noticias\/wp-json\/wp\/v2\/posts\/28769","targetHints":{"allow":["GET"]}}],"collection":[{"href":"https:\/\/blogdorogeriogomes.com.br\/noticias\/wp-json\/wp\/v2\/posts"}],"about":[{"href":"https:\/\/blogdorogeriogomes.com.br\/noticias\/wp-json\/wp\/v2\/types\/post"}],"author":[{"embeddable":true,"href":"https:\/\/blogdorogeriogomes.com.br\/noticias\/wp-json\/wp\/v2\/users\/1"}],"replies":[{"embeddable":true,"href":"https:\/\/blogdorogeriogomes.com.br\/noticias\/wp-json\/wp\/v2\/comments?post=28769"}],"version-history":[{"count":2,"href":"https:\/\/blogdorogeriogomes.com.br\/noticias\/wp-json\/wp\/v2\/posts\/28769\/revisions"}],"predecessor-version":[{"id":28773,"href":"https:\/\/blogdorogeriogomes.com.br\/noticias\/wp-json\/wp\/v2\/posts\/28769\/revisions\/28773"}],"wp:featuredmedia":[{"embeddable":true,"href":"https:\/\/blogdorogeriogomes.com.br\/noticias\/wp-json\/wp\/v2\/media\/28770"}],"wp:attachment":[{"href":"https:\/\/blogdorogeriogomes.com.br\/noticias\/wp-json\/wp\/v2\/media?parent=28769"}],"wp:term":[{"taxonomy":"category","embeddable":true,"href":"https:\/\/blogdorogeriogomes.com.br\/noticias\/wp-json\/wp\/v2\/categories?post=28769"},{"taxonomy":"post_tag","embeddable":true,"href":"https:\/\/blogdorogeriogomes.com.br\/noticias\/wp-json\/wp\/v2\/tags?post=28769"}],"curies":[{"name":"wp","href":"https:\/\/api.w.org\/{rel}","templated":true}]}}