{"id":28774,"date":"2023-03-24T00:40:43","date_gmt":"2023-03-24T00:40:43","guid":{"rendered":"https:\/\/blogdorogeriogomes.com.br\/?p=28774"},"modified":"2023-03-24T13:10:02","modified_gmt":"2023-03-24T13:10:02","slug":"queda-de-braco-entre-arthur-lira-e-rodrigo-pacheco-preocupa-o-palacio-do-planalto","status":"publish","type":"post","link":"https:\/\/blogdorogeriogomes.com.br\/noticias\/2023\/03\/queda-de-braco-entre-arthur-lira-e-rodrigo-pacheco-preocupa-o-palacio-do-planalto\/","title":{"rendered":"Queda de bra\u00e7o entre Arthur Lira e Rodrigo Pacheco preocupa o Pal\u00e1cio do Planalto"},"content":{"rendered":"\n<p>Disputas de poder entre o presidente da C\u00e2mara dos Deputados, Arthur Lira, e o presidente do Senado, Rodrigo Pacheco, t\u00eam preocupado o Pal\u00e1cio do Planalto. Nestes \u00faltimos dias, o presidente Lula fez apelos a Lira e Pacheco por uma solu\u00e7\u00e3o no impasse das medidas provis\u00f3rias do Governo Federal que precisam ser votadas pelo Congresso Nacional.<\/p>\n\n\n\n<p>No Pal\u00e1cio do Planalto, a avalia\u00e7\u00e3o \u00e9 que Rodrigo Pacheco fez gestos concretos por buscar um entendimento, inclusive com a proposta de uma PEC para definir que MPs come\u00e7ar\u00e3o a tramitar de forma alternada no Congresso: uma come\u00e7a pela C\u00e2mara, a seguinte pelo Senado, e assim sucessivamente.<\/p>\n\n\n\n<p>Mas \u00e9 a atitude de Arthur Lira que acendeu a luz amarela no Pal\u00e1cio do Planalto. A avalia\u00e7\u00e3o \u00e9 que o presidente da C\u00e2mara tem colocado muitas dificuldades no caso, para for\u00e7ar o pr\u00f3prio governo a entrar na disputa e, assim, abrir espa\u00e7o para negociar demandas de parlamentares.<\/p>\n\n\n\n<figure class=\"wp-block-image size-full\"><img loading=\"lazy\" decoding=\"async\" width=\"739\" height=\"415\" src=\"https:\/\/blogdorogeriogomes.com.br\/wp-content\/uploads\/2023\/03\/images-10-1.jpeg\" alt=\"\" class=\"wp-image-28775\" srcset=\"https:\/\/blogdorogeriogomes.com.br\/noticias\/wp-content\/uploads\/2023\/03\/images-10-1.jpeg 739w, https:\/\/blogdorogeriogomes.com.br\/noticias\/wp-content\/uploads\/2023\/03\/images-10-1-300x168.jpeg 300w\" sizes=\"auto, (max-width: 739px) 100vw, 739px\" \/><\/figure>\n","protected":false},"excerpt":{"rendered":"<p>Disputas de poder entre o presidente da C\u00e2mara dos Deputados, Arthur Lira, e o presidente do Senado, Rodrigo Pacheco, t\u00eam preocupado o Pal\u00e1cio do Planalto. Nestes \u00faltimos dias, o presidente Lula fez apelos a Lira e Pacheco por uma solu\u00e7\u00e3o no impasse das medidas provis\u00f3rias do Governo Federal que precisam ser votadas pelo Congresso Nacional. No Pal\u00e1cio do Planalto, a avalia\u00e7\u00e3o \u00e9 que Rodrigo Pacheco fez gestos concretos por buscar um entendimento, inclusive com a proposta de uma PEC&hellip;<\/p>\n","protected":false},"author":1,"featured_media":28775,"comment_status":"open","ping_status":"open","sticky":false,"template":"","format":"standard","meta":{"footnotes":""},"categories":[1],"tags":[],"class_list":["post-28774","post","type-post","status-publish","format-standard","has-post-thumbnail","hentry","category-noticias"],"_links":{"self":[{"href":"https:\/\/blogdorogeriogomes.com.br\/noticias\/wp-json\/wp\/v2\/posts\/28774","targetHints":{"allow":["GET"]}}],"collection":[{"href":"https:\/\/blogdorogeriogomes.com.br\/noticias\/wp-json\/wp\/v2\/posts"}],"about":[{"href":"https:\/\/blogdorogeriogomes.com.br\/noticias\/wp-json\/wp\/v2\/types\/post"}],"author":[{"embeddable":true,"href":"https:\/\/blogdorogeriogomes.com.br\/noticias\/wp-json\/wp\/v2\/users\/1"}],"replies":[{"embeddable":true,"href":"https:\/\/blogdorogeriogomes.com.br\/noticias\/wp-json\/wp\/v2\/comments?post=28774"}],"version-history":[{"count":1,"href":"https:\/\/blogdorogeriogomes.com.br\/noticias\/wp-json\/wp\/v2\/posts\/28774\/revisions"}],"predecessor-version":[{"id":28776,"href":"https:\/\/blogdorogeriogomes.com.br\/noticias\/wp-json\/wp\/v2\/posts\/28774\/revisions\/28776"}],"wp:featuredmedia":[{"embeddable":true,"href":"https:\/\/blogdorogeriogomes.com.br\/noticias\/wp-json\/wp\/v2\/media\/28775"}],"wp:attachment":[{"href":"https:\/\/blogdorogeriogomes.com.br\/noticias\/wp-json\/wp\/v2\/media?parent=28774"}],"wp:term":[{"taxonomy":"category","embeddable":true,"href":"https:\/\/blogdorogeriogomes.com.br\/noticias\/wp-json\/wp\/v2\/categories?post=28774"},{"taxonomy":"post_tag","embeddable":true,"href":"https:\/\/blogdorogeriogomes.com.br\/noticias\/wp-json\/wp\/v2\/tags?post=28774"}],"curies":[{"name":"wp","href":"https:\/\/api.w.org\/{rel}","templated":true}]}}