{"id":28777,"date":"2023-03-24T10:49:21","date_gmt":"2023-03-24T10:49:21","guid":{"rendered":"https:\/\/blogdorogeriogomes.com.br\/?p=28777"},"modified":"2023-03-24T13:09:54","modified_gmt":"2023-03-24T13:09:54","slug":"criancas-a-partir-de-seis-meses-comecam-a-receber-vacina-contra-a-influenza-no-ceara-a-partir-da-proxima-segunda-feira","status":"publish","type":"post","link":"https:\/\/blogdorogeriogomes.com.br\/noticias\/2023\/03\/criancas-a-partir-de-seis-meses-comecam-a-receber-vacina-contra-a-influenza-no-ceara-a-partir-da-proxima-segunda-feira\/","title":{"rendered":"Crian\u00e7as a partir de seis meses come\u00e7am a receber vacina contra a influenza no Cear\u00e1 a partir da pr\u00f3xima segunda-feira"},"content":{"rendered":"\n<p>A Secretaria da Sa\u00fade do Cear\u00e1 (Sesa) antecipa a vacina\u00e7\u00e3o contra a influenza para o p\u00fablico infantil. A partir desta segunda-feira, dia 27 de mar\u00e7o, o imunizante poder\u00e1 ser aplicado em crian\u00e7as a partir de seis meses at\u00e9 5 anos, 11 meses e 29 dias. Ao todo, 284 mil doses j\u00e1 foram distribu\u00eddas aos 184 munic\u00edpios cearenses.<\/p>\n\n\n\n<p>A Campanha Nacional de Vacina\u00e7\u00e3o Contra a Gripe do Minist\u00e9rio da Sa\u00fade (MS) iniciar\u00e1 somente a partir do dia 10 de abril, mas o Cear\u00e1 sai na frente devido ao aumento de casos de gripe decorrente da sazonalidade das chuvas no Estado. A quadra chuvosa ocorre de fevereiro a maio. Por isso, a vacina\u00e7\u00e3o \u00e9 a principal medida para evitar casos graves decorrentes da influenza. A iniciativa objetiva contemplar, pelo menos, 90% do p\u00fablico-alvo.<\/p>\n\n\n\n<figure class=\"wp-block-image size-full\"><img loading=\"lazy\" decoding=\"async\" width=\"775\" height=\"485\" src=\"https:\/\/blogdorogeriogomes.com.br\/wp-content\/uploads\/2023\/03\/influenza.png\" alt=\"\" class=\"wp-image-28778\" srcset=\"https:\/\/blogdorogeriogomes.com.br\/noticias\/wp-content\/uploads\/2023\/03\/influenza.png 775w, https:\/\/blogdorogeriogomes.com.br\/noticias\/wp-content\/uploads\/2023\/03\/influenza-300x188.png 300w, https:\/\/blogdorogeriogomes.com.br\/noticias\/wp-content\/uploads\/2023\/03\/influenza-768x481.png 768w\" sizes=\"auto, (max-width: 775px) 100vw, 775px\" \/><\/figure>\n","protected":false},"excerpt":{"rendered":"<p>A Secretaria da Sa\u00fade do Cear\u00e1 (Sesa) antecipa a vacina\u00e7\u00e3o contra a influenza para o p\u00fablico infantil. A partir desta segunda-feira, dia 27 de mar\u00e7o, o imunizante poder\u00e1 ser aplicado em crian\u00e7as a partir de seis meses at\u00e9 5 anos, 11 meses e 29 dias. Ao todo, 284 mil doses j\u00e1 foram distribu\u00eddas aos 184 munic\u00edpios cearenses. A Campanha Nacional de Vacina\u00e7\u00e3o Contra a Gripe do Minist\u00e9rio da Sa\u00fade (MS) iniciar\u00e1 somente a partir do dia 10 de abril,&hellip;<\/p>\n","protected":false},"author":1,"featured_media":28778,"comment_status":"open","ping_status":"open","sticky":false,"template":"","format":"standard","meta":{"footnotes":""},"categories":[1],"tags":[],"class_list":["post-28777","post","type-post","status-publish","format-standard","has-post-thumbnail","hentry","category-noticias"],"_links":{"self":[{"href":"https:\/\/blogdorogeriogomes.com.br\/noticias\/wp-json\/wp\/v2\/posts\/28777","targetHints":{"allow":["GET"]}}],"collection":[{"href":"https:\/\/blogdorogeriogomes.com.br\/noticias\/wp-json\/wp\/v2\/posts"}],"about":[{"href":"https:\/\/blogdorogeriogomes.com.br\/noticias\/wp-json\/wp\/v2\/types\/post"}],"author":[{"embeddable":true,"href":"https:\/\/blogdorogeriogomes.com.br\/noticias\/wp-json\/wp\/v2\/users\/1"}],"replies":[{"embeddable":true,"href":"https:\/\/blogdorogeriogomes.com.br\/noticias\/wp-json\/wp\/v2\/comments?post=28777"}],"version-history":[{"count":1,"href":"https:\/\/blogdorogeriogomes.com.br\/noticias\/wp-json\/wp\/v2\/posts\/28777\/revisions"}],"predecessor-version":[{"id":28779,"href":"https:\/\/blogdorogeriogomes.com.br\/noticias\/wp-json\/wp\/v2\/posts\/28777\/revisions\/28779"}],"wp:featuredmedia":[{"embeddable":true,"href":"https:\/\/blogdorogeriogomes.com.br\/noticias\/wp-json\/wp\/v2\/media\/28778"}],"wp:attachment":[{"href":"https:\/\/blogdorogeriogomes.com.br\/noticias\/wp-json\/wp\/v2\/media?parent=28777"}],"wp:term":[{"taxonomy":"category","embeddable":true,"href":"https:\/\/blogdorogeriogomes.com.br\/noticias\/wp-json\/wp\/v2\/categories?post=28777"},{"taxonomy":"post_tag","embeddable":true,"href":"https:\/\/blogdorogeriogomes.com.br\/noticias\/wp-json\/wp\/v2\/tags?post=28777"}],"curies":[{"name":"wp","href":"https:\/\/api.w.org\/{rel}","templated":true}]}}