{"id":28785,"date":"2023-03-24T14:37:00","date_gmt":"2023-03-24T14:37:00","guid":{"rendered":"https:\/\/blogdorogeriogomes.com.br\/?p=28785"},"modified":"2023-03-27T13:34:06","modified_gmt":"2023-03-27T13:34:06","slug":"pascoa-deve-movimentar-comercio-de-fortaleza-com-volume-de-r-240-milhoes","status":"publish","type":"post","link":"https:\/\/blogdorogeriogomes.com.br\/noticias\/2023\/03\/pascoa-deve-movimentar-comercio-de-fortaleza-com-volume-de-r-240-milhoes\/","title":{"rendered":"P\u00e1scoa deve movimentar com\u00e9rcio de Fortaleza com volume de R$ 240 milh\u00f5es"},"content":{"rendered":"\n<p>Pesquisa realizada pela Fecomercio revela que o per\u00edodo da P\u00e1scoa movimentar\u00e1 R$ 240 milh\u00f5es no com\u00e9rcio de Fortaleza.&nbsp;De acordo com o levantamento, 42,9% dos consumidores est\u00e3o dispostos a ir \u00e0s compras nessa data, com potencial de faturamento de R$ 240 milh\u00f5es no com\u00e9rcio varejista da Capital cearense. Esse valor coloca esta data comemorativa em um empate t\u00e9cnico com o Dia dos Pais.&nbsp;<\/p>\n\n\n\n<p>O gasto m\u00e9dio previsto na P\u00e1scoa ser\u00e1 de R$ 317, com potencial de consumo maior no grupo dos consumidores do sexo masculino. E os produtos s\u00e3o os mais variados, com destaque para os ovos de chocolate.<\/p>\n\n\n\n<p>&#8220;Um dado importante da pesquisa feita pela Fecomercio \u00e9 a inten\u00e7\u00e3o do consumidor em optar pelo pagamento \u00e0 vista, evitando assim, mais endividamento&#8221;, disse Cl\u00e1udia Brilhante, diretora institucional da Fecomercio.<\/p>\n\n\n\n<figure class=\"wp-block-image size-full\"><img loading=\"lazy\" decoding=\"async\" width=\"678\" height=\"452\" src=\"https:\/\/blogdorogeriogomes.com.br\/wp-content\/uploads\/2023\/03\/images-11-1.jpeg\" alt=\"\" class=\"wp-image-28786\" srcset=\"https:\/\/blogdorogeriogomes.com.br\/noticias\/wp-content\/uploads\/2023\/03\/images-11-1.jpeg 678w, https:\/\/blogdorogeriogomes.com.br\/noticias\/wp-content\/uploads\/2023\/03\/images-11-1-300x200.jpeg 300w\" sizes=\"auto, (max-width: 678px) 100vw, 678px\" \/><\/figure>\n","protected":false},"excerpt":{"rendered":"<p>Pesquisa realizada pela Fecomercio revela que o per\u00edodo da P\u00e1scoa movimentar\u00e1 R$ 240 milh\u00f5es no com\u00e9rcio de Fortaleza.&nbsp;De acordo com o levantamento, 42,9% dos consumidores est\u00e3o dispostos a ir \u00e0s compras nessa data, com potencial de faturamento de R$ 240 milh\u00f5es no com\u00e9rcio varejista da Capital cearense. Esse valor coloca esta data comemorativa em um empate t\u00e9cnico com o Dia dos Pais.&nbsp; O gasto m\u00e9dio previsto na P\u00e1scoa ser\u00e1 de R$ 317, com potencial de consumo maior no grupo&hellip;<\/p>\n","protected":false},"author":1,"featured_media":28786,"comment_status":"open","ping_status":"open","sticky":false,"template":"","format":"standard","meta":{"footnotes":""},"categories":[1],"tags":[],"class_list":["post-28785","post","type-post","status-publish","format-standard","has-post-thumbnail","hentry","category-noticias"],"_links":{"self":[{"href":"https:\/\/blogdorogeriogomes.com.br\/noticias\/wp-json\/wp\/v2\/posts\/28785","targetHints":{"allow":["GET"]}}],"collection":[{"href":"https:\/\/blogdorogeriogomes.com.br\/noticias\/wp-json\/wp\/v2\/posts"}],"about":[{"href":"https:\/\/blogdorogeriogomes.com.br\/noticias\/wp-json\/wp\/v2\/types\/post"}],"author":[{"embeddable":true,"href":"https:\/\/blogdorogeriogomes.com.br\/noticias\/wp-json\/wp\/v2\/users\/1"}],"replies":[{"embeddable":true,"href":"https:\/\/blogdorogeriogomes.com.br\/noticias\/wp-json\/wp\/v2\/comments?post=28785"}],"version-history":[{"count":2,"href":"https:\/\/blogdorogeriogomes.com.br\/noticias\/wp-json\/wp\/v2\/posts\/28785\/revisions"}],"predecessor-version":[{"id":28799,"href":"https:\/\/blogdorogeriogomes.com.br\/noticias\/wp-json\/wp\/v2\/posts\/28785\/revisions\/28799"}],"wp:featuredmedia":[{"embeddable":true,"href":"https:\/\/blogdorogeriogomes.com.br\/noticias\/wp-json\/wp\/v2\/media\/28786"}],"wp:attachment":[{"href":"https:\/\/blogdorogeriogomes.com.br\/noticias\/wp-json\/wp\/v2\/media?parent=28785"}],"wp:term":[{"taxonomy":"category","embeddable":true,"href":"https:\/\/blogdorogeriogomes.com.br\/noticias\/wp-json\/wp\/v2\/categories?post=28785"},{"taxonomy":"post_tag","embeddable":true,"href":"https:\/\/blogdorogeriogomes.com.br\/noticias\/wp-json\/wp\/v2\/tags?post=28785"}],"curies":[{"name":"wp","href":"https:\/\/api.w.org\/{rel}","templated":true}]}}