{"id":28794,"date":"2023-03-27T11:41:54","date_gmt":"2023-03-27T11:41:54","guid":{"rendered":"https:\/\/blogdorogeriogomes.com.br\/?p=28794"},"modified":"2023-03-27T13:33:39","modified_gmt":"2023-03-27T13:33:39","slug":"edital-do-concurso-para-guarda-municipal-de-fortaleza-e-divulgado-nesta-segunda-feira","status":"publish","type":"post","link":"https:\/\/blogdorogeriogomes.com.br\/noticias\/2023\/03\/edital-do-concurso-para-guarda-municipal-de-fortaleza-e-divulgado-nesta-segunda-feira\/","title":{"rendered":"Edital do concurso para Guarda Municipal de Fortaleza \u00e9 divulgado nesta segunda-feira"},"content":{"rendered":"\n<p>O edital do concurso p\u00fablico com 1.000 vagas para guarda municipal de&nbsp;Fortaleza ser\u00e1 divulgado nesta segunda-feira, dia 27 de mar\u00e7o. &#8220;Durante a solenidade de promo\u00e7\u00e3o de 108 guardas municipais de Fortaleza, nesta manh\u00e3, tive a alegria de anunciar que o edital do concurso com 1.000 vagas&#8221;, destacou o prefeito de Fortaleza, Jos\u00e9 Sarto (PDT).<\/p>\n\n\n\n<p>As inscri\u00e7\u00f5es devem come\u00e7ar em abril. Atualmente, Fortaleza conta com 2.161 agentes da Guarda Municipal, sendo 1.401 guardas municipais, 551 subinspetores e 209 inspetores. Ap\u00f3s o concurso, o efetivo passar\u00e1 para 3.161 agentes.<\/p>\n\n\n\n<figure class=\"wp-block-image size-large\"><img loading=\"lazy\" decoding=\"async\" width=\"1024\" height=\"796\" src=\"https:\/\/blogdorogeriogomes.com.br\/wp-content\/uploads\/2023\/03\/IMG-20230327-WA0024-1024x796.jpg\" alt=\"\" class=\"wp-image-28795\" srcset=\"https:\/\/blogdorogeriogomes.com.br\/noticias\/wp-content\/uploads\/2023\/03\/IMG-20230327-WA0024-1024x796.jpg 1024w, https:\/\/blogdorogeriogomes.com.br\/noticias\/wp-content\/uploads\/2023\/03\/IMG-20230327-WA0024-300x233.jpg 300w, https:\/\/blogdorogeriogomes.com.br\/noticias\/wp-content\/uploads\/2023\/03\/IMG-20230327-WA0024-768x597.jpg 768w, https:\/\/blogdorogeriogomes.com.br\/noticias\/wp-content\/uploads\/2023\/03\/IMG-20230327-WA0024-800x622.jpg 800w, https:\/\/blogdorogeriogomes.com.br\/noticias\/wp-content\/uploads\/2023\/03\/IMG-20230327-WA0024.jpg 1080w\" sizes=\"auto, (max-width: 1024px) 100vw, 1024px\" \/><\/figure>\n","protected":false},"excerpt":{"rendered":"<p>O edital do concurso p\u00fablico com 1.000 vagas para guarda municipal de&nbsp;Fortaleza ser\u00e1 divulgado nesta segunda-feira, dia 27 de mar\u00e7o. &#8220;Durante a solenidade de promo\u00e7\u00e3o de 108 guardas municipais de Fortaleza, nesta manh\u00e3, tive a alegria de anunciar que o edital do concurso com 1.000 vagas&#8221;, destacou o prefeito de Fortaleza, Jos\u00e9 Sarto (PDT). As inscri\u00e7\u00f5es devem come\u00e7ar em abril. Atualmente, Fortaleza conta com 2.161 agentes da Guarda Municipal, sendo 1.401 guardas municipais, 551 subinspetores e 209 inspetores. Ap\u00f3s&hellip;<\/p>\n","protected":false},"author":1,"featured_media":28795,"comment_status":"open","ping_status":"open","sticky":false,"template":"","format":"standard","meta":{"footnotes":""},"categories":[1],"tags":[],"class_list":["post-28794","post","type-post","status-publish","format-standard","has-post-thumbnail","hentry","category-noticias"],"_links":{"self":[{"href":"https:\/\/blogdorogeriogomes.com.br\/noticias\/wp-json\/wp\/v2\/posts\/28794","targetHints":{"allow":["GET"]}}],"collection":[{"href":"https:\/\/blogdorogeriogomes.com.br\/noticias\/wp-json\/wp\/v2\/posts"}],"about":[{"href":"https:\/\/blogdorogeriogomes.com.br\/noticias\/wp-json\/wp\/v2\/types\/post"}],"author":[{"embeddable":true,"href":"https:\/\/blogdorogeriogomes.com.br\/noticias\/wp-json\/wp\/v2\/users\/1"}],"replies":[{"embeddable":true,"href":"https:\/\/blogdorogeriogomes.com.br\/noticias\/wp-json\/wp\/v2\/comments?post=28794"}],"version-history":[{"count":2,"href":"https:\/\/blogdorogeriogomes.com.br\/noticias\/wp-json\/wp\/v2\/posts\/28794\/revisions"}],"predecessor-version":[{"id":28797,"href":"https:\/\/blogdorogeriogomes.com.br\/noticias\/wp-json\/wp\/v2\/posts\/28794\/revisions\/28797"}],"wp:featuredmedia":[{"embeddable":true,"href":"https:\/\/blogdorogeriogomes.com.br\/noticias\/wp-json\/wp\/v2\/media\/28795"}],"wp:attachment":[{"href":"https:\/\/blogdorogeriogomes.com.br\/noticias\/wp-json\/wp\/v2\/media?parent=28794"}],"wp:term":[{"taxonomy":"category","embeddable":true,"href":"https:\/\/blogdorogeriogomes.com.br\/noticias\/wp-json\/wp\/v2\/categories?post=28794"},{"taxonomy":"post_tag","embeddable":true,"href":"https:\/\/blogdorogeriogomes.com.br\/noticias\/wp-json\/wp\/v2\/tags?post=28794"}],"curies":[{"name":"wp","href":"https:\/\/api.w.org\/{rel}","templated":true}]}}