{"id":28800,"date":"2023-03-27T15:21:48","date_gmt":"2023-03-27T15:21:48","guid":{"rendered":"https:\/\/blogdorogeriogomes.com.br\/?p=28800"},"modified":"2023-03-28T15:03:44","modified_gmt":"2023-03-28T15:03:44","slug":"cdl-fortaleza-apresenta-a-campanha-centro-premiado-nesta-terca-feira","status":"publish","type":"post","link":"https:\/\/blogdorogeriogomes.com.br\/noticias\/2023\/03\/cdl-fortaleza-apresenta-a-campanha-centro-premiado-nesta-terca-feira\/","title":{"rendered":"CDL Fortaleza apresenta a Campanha Centro Premiado nesta ter\u00e7a-feira"},"content":{"rendered":"\n<p>Nesta ter\u00e7a-feira, dia 28 de mar\u00e7o, o presidente da CDL de Fortaleza, Assis Cavalcante, recebe na sede da entidade (Rua 25 de Mar\u00e7o, 882, Centro) a imprensa local para um caf\u00e9 da manh\u00e3 especial.<\/p>\n\n\n\n<p>Na ocasi\u00e3o, ser\u00e1 apresentada a Campanha Centro Premiado 2023, al\u00e9m de expor as a\u00e7\u00f5es de melhoria para a regi\u00e3o, tais como os n\u00fameros referentes ao ICMS 2022, destacando ainda o crescimento e o potencial de arrecada\u00e7\u00e3o.<\/p>\n\n\n\n<figure class=\"wp-block-image size-full\"><img loading=\"lazy\" decoding=\"async\" width=\"653\" height=\"470\" src=\"https:\/\/blogdorogeriogomes.com.br\/wp-content\/uploads\/2023\/03\/images-12-1.jpeg\" alt=\"\" class=\"wp-image-28801\" srcset=\"https:\/\/blogdorogeriogomes.com.br\/noticias\/wp-content\/uploads\/2023\/03\/images-12-1.jpeg 653w, https:\/\/blogdorogeriogomes.com.br\/noticias\/wp-content\/uploads\/2023\/03\/images-12-1-300x216.jpeg 300w\" sizes=\"auto, (max-width: 653px) 100vw, 653px\" \/><\/figure>\n\n\n\n<p><\/p>\n","protected":false},"excerpt":{"rendered":"<p>Nesta ter\u00e7a-feira, dia 28 de mar\u00e7o, o presidente da CDL de Fortaleza, Assis Cavalcante, recebe na sede da entidade (Rua 25 de Mar\u00e7o, 882, Centro) a imprensa local para um caf\u00e9 da manh\u00e3 especial. Na ocasi\u00e3o, ser\u00e1 apresentada a Campanha Centro Premiado 2023, al\u00e9m de expor as a\u00e7\u00f5es de melhoria para a regi\u00e3o, tais como os n\u00fameros referentes ao ICMS 2022, destacando ainda o crescimento e o potencial de arrecada\u00e7\u00e3o.<\/p>\n","protected":false},"author":1,"featured_media":28801,"comment_status":"open","ping_status":"open","sticky":false,"template":"","format":"standard","meta":{"footnotes":""},"categories":[1],"tags":[],"class_list":["post-28800","post","type-post","status-publish","format-standard","has-post-thumbnail","hentry","category-noticias"],"_links":{"self":[{"href":"https:\/\/blogdorogeriogomes.com.br\/noticias\/wp-json\/wp\/v2\/posts\/28800","targetHints":{"allow":["GET"]}}],"collection":[{"href":"https:\/\/blogdorogeriogomes.com.br\/noticias\/wp-json\/wp\/v2\/posts"}],"about":[{"href":"https:\/\/blogdorogeriogomes.com.br\/noticias\/wp-json\/wp\/v2\/types\/post"}],"author":[{"embeddable":true,"href":"https:\/\/blogdorogeriogomes.com.br\/noticias\/wp-json\/wp\/v2\/users\/1"}],"replies":[{"embeddable":true,"href":"https:\/\/blogdorogeriogomes.com.br\/noticias\/wp-json\/wp\/v2\/comments?post=28800"}],"version-history":[{"count":1,"href":"https:\/\/blogdorogeriogomes.com.br\/noticias\/wp-json\/wp\/v2\/posts\/28800\/revisions"}],"predecessor-version":[{"id":28802,"href":"https:\/\/blogdorogeriogomes.com.br\/noticias\/wp-json\/wp\/v2\/posts\/28800\/revisions\/28802"}],"wp:featuredmedia":[{"embeddable":true,"href":"https:\/\/blogdorogeriogomes.com.br\/noticias\/wp-json\/wp\/v2\/media\/28801"}],"wp:attachment":[{"href":"https:\/\/blogdorogeriogomes.com.br\/noticias\/wp-json\/wp\/v2\/media?parent=28800"}],"wp:term":[{"taxonomy":"category","embeddable":true,"href":"https:\/\/blogdorogeriogomes.com.br\/noticias\/wp-json\/wp\/v2\/categories?post=28800"},{"taxonomy":"post_tag","embeddable":true,"href":"https:\/\/blogdorogeriogomes.com.br\/noticias\/wp-json\/wp\/v2\/tags?post=28800"}],"curies":[{"name":"wp","href":"https:\/\/api.w.org\/{rel}","templated":true}]}}