{"id":28813,"date":"2023-03-29T20:30:37","date_gmt":"2023-03-29T20:30:37","guid":{"rendered":"https:\/\/blogdorogeriogomes.com.br\/?p=28813"},"modified":"2023-03-30T11:55:09","modified_gmt":"2023-03-30T11:55:09","slug":"ex-governador-de-pernambuco-paulo-camara-assume-presidencia-do-banco-do-nordeste","status":"publish","type":"post","link":"https:\/\/blogdorogeriogomes.com.br\/noticias\/2023\/03\/ex-governador-de-pernambuco-paulo-camara-assume-presidencia-do-banco-do-nordeste\/","title":{"rendered":"Ex-governador de Pernambuco Paulo C\u00e2mara assume presid\u00eancia do Banco do Nordeste"},"content":{"rendered":"\n<p>O ex-governador de Pernambuco Paulo C\u00e2mara foi nomeado para comandar o Banco do Nordeste (BNB). O an\u00fancio aconteceu nesta quarta-feira, dia 29 de mar\u00e7o, ap\u00f3s reuni\u00e3o do Conselho de Administra\u00e7\u00e3o do banco. Ele substitui o tamb\u00e9m pernambucano Jos\u00e9 Gomes da Costa, que estava no cargo desde janeiro de 2022.<\/p>\n\n\n\n<p>O ex-governador recebeu o convite do presidente&nbsp;Lula (PT). Paulo C\u00e2mara foi governador de Pernambuco por duas vezes, entre 2015 e 2022, pelo&nbsp;PSB. <\/p>\n\n\n\n<p>Funcion\u00e1rio de carreira do Tribunal de Contas do Estado (TCE-PE), Paulo C\u00e2mara \u00e9 formado em economia pela Universidade Federal de Pernambuco e tem mestrado na mesma \u00e1rea.<\/p>\n\n\n\n<figure class=\"wp-block-image size-full\"><img loading=\"lazy\" decoding=\"async\" width=\"450\" height=\"323\" src=\"https:\/\/blogdorogeriogomes.com.br\/wp-content\/uploads\/2023\/03\/7dd51135-c63c-480e-957f-ddd926055574.jpeg\" alt=\"\" class=\"wp-image-28814\" srcset=\"https:\/\/blogdorogeriogomes.com.br\/noticias\/wp-content\/uploads\/2023\/03\/7dd51135-c63c-480e-957f-ddd926055574.jpeg 450w, https:\/\/blogdorogeriogomes.com.br\/noticias\/wp-content\/uploads\/2023\/03\/7dd51135-c63c-480e-957f-ddd926055574-300x215.jpeg 300w\" sizes=\"auto, (max-width: 450px) 100vw, 450px\" \/><\/figure>\n","protected":false},"excerpt":{"rendered":"<p>O ex-governador de Pernambuco Paulo C\u00e2mara foi nomeado para comandar o Banco do Nordeste (BNB). O an\u00fancio aconteceu nesta quarta-feira, dia 29 de mar\u00e7o, ap\u00f3s reuni\u00e3o do Conselho de Administra\u00e7\u00e3o do banco. Ele substitui o tamb\u00e9m pernambucano Jos\u00e9 Gomes da Costa, que estava no cargo desde janeiro de 2022. O ex-governador recebeu o convite do presidente&nbsp;Lula (PT). Paulo C\u00e2mara foi governador de Pernambuco por duas vezes, entre 2015 e 2022, pelo&nbsp;PSB. Funcion\u00e1rio de carreira do Tribunal de Contas do&hellip;<\/p>\n","protected":false},"author":1,"featured_media":28814,"comment_status":"open","ping_status":"open","sticky":false,"template":"","format":"standard","meta":{"footnotes":""},"categories":[1],"tags":[],"class_list":["post-28813","post","type-post","status-publish","format-standard","has-post-thumbnail","hentry","category-noticias"],"_links":{"self":[{"href":"https:\/\/blogdorogeriogomes.com.br\/noticias\/wp-json\/wp\/v2\/posts\/28813","targetHints":{"allow":["GET"]}}],"collection":[{"href":"https:\/\/blogdorogeriogomes.com.br\/noticias\/wp-json\/wp\/v2\/posts"}],"about":[{"href":"https:\/\/blogdorogeriogomes.com.br\/noticias\/wp-json\/wp\/v2\/types\/post"}],"author":[{"embeddable":true,"href":"https:\/\/blogdorogeriogomes.com.br\/noticias\/wp-json\/wp\/v2\/users\/1"}],"replies":[{"embeddable":true,"href":"https:\/\/blogdorogeriogomes.com.br\/noticias\/wp-json\/wp\/v2\/comments?post=28813"}],"version-history":[{"count":2,"href":"https:\/\/blogdorogeriogomes.com.br\/noticias\/wp-json\/wp\/v2\/posts\/28813\/revisions"}],"predecessor-version":[{"id":28822,"href":"https:\/\/blogdorogeriogomes.com.br\/noticias\/wp-json\/wp\/v2\/posts\/28813\/revisions\/28822"}],"wp:featuredmedia":[{"embeddable":true,"href":"https:\/\/blogdorogeriogomes.com.br\/noticias\/wp-json\/wp\/v2\/media\/28814"}],"wp:attachment":[{"href":"https:\/\/blogdorogeriogomes.com.br\/noticias\/wp-json\/wp\/v2\/media?parent=28813"}],"wp:term":[{"taxonomy":"category","embeddable":true,"href":"https:\/\/blogdorogeriogomes.com.br\/noticias\/wp-json\/wp\/v2\/categories?post=28813"},{"taxonomy":"post_tag","embeddable":true,"href":"https:\/\/blogdorogeriogomes.com.br\/noticias\/wp-json\/wp\/v2\/tags?post=28813"}],"curies":[{"name":"wp","href":"https:\/\/api.w.org\/{rel}","templated":true}]}}