{"id":28816,"date":"2023-03-29T20:42:38","date_gmt":"2023-03-29T20:42:38","guid":{"rendered":"https:\/\/blogdorogeriogomes.com.br\/?p=28816"},"modified":"2023-03-30T11:55:17","modified_gmt":"2023-03-30T11:55:17","slug":"ceara-registra-43-mil-novos-postos-de-trabalho-em-fevereiro","status":"publish","type":"post","link":"https:\/\/blogdorogeriogomes.com.br\/noticias\/2023\/03\/ceara-registra-43-mil-novos-postos-de-trabalho-em-fevereiro\/","title":{"rendered":"Cear\u00e1 registra 4,3 mil novos postos de trabalho em fevereiro"},"content":{"rendered":"\n<p>O Cear\u00e1 teve um crescimento de 4.330 postos de trabalho. Os dados s\u00e3o do Cadastro Geral de Empregados e Desempregados (Caged) e foram divulgados, nesta quarta-feira, dia 29 de mar\u00e7o, pelo Minist\u00e9rio do Trabalho. O balan\u00e7o, proveniente da rela\u00e7\u00e3o entre o n\u00famero de contrata\u00e7\u00f5es com carteira assinada (43.144) e demiss\u00f5es (38.814), \u00e9 o terceiro melhor da regi\u00e3o Nordeste, atr\u00e1s de Pernambuco (6.740) e Bahia (8.043).<\/p>\n\n\n\n<p>Os n\u00fameros foram puxados principalmente pelo setor de servi\u00e7os (3.978), embora quase todos tenham registrado saldos positivos, ind\u00fastria (396), com\u00e9rcio (142) e constru\u00e7\u00e3o civil (139). O n\u00edvel de emprego formal variou positivamente (0,35%) e atingiu o total de 1.243.032 empregos com carteira em fevereiro de 2023.<\/p>\n\n\n\n<figure class=\"wp-block-image size-large\"><img loading=\"lazy\" decoding=\"async\" width=\"1024\" height=\"683\" src=\"https:\/\/blogdorogeriogomes.com.br\/wp-content\/uploads\/2023\/03\/IMG_4135-1200x800-1-1024x683.jpg\" alt=\"\" class=\"wp-image-28817\" srcset=\"https:\/\/blogdorogeriogomes.com.br\/noticias\/wp-content\/uploads\/2023\/03\/IMG_4135-1200x800-1-1024x683.jpg 1024w, https:\/\/blogdorogeriogomes.com.br\/noticias\/wp-content\/uploads\/2023\/03\/IMG_4135-1200x800-1-300x200.jpg 300w, https:\/\/blogdorogeriogomes.com.br\/noticias\/wp-content\/uploads\/2023\/03\/IMG_4135-1200x800-1-768x512.jpg 768w, https:\/\/blogdorogeriogomes.com.br\/noticias\/wp-content\/uploads\/2023\/03\/IMG_4135-1200x800-1-800x533.jpg 800w, https:\/\/blogdorogeriogomes.com.br\/noticias\/wp-content\/uploads\/2023\/03\/IMG_4135-1200x800-1.jpg 1200w\" sizes=\"auto, (max-width: 1024px) 100vw, 1024px\" \/><\/figure>\n","protected":false},"excerpt":{"rendered":"<p>O Cear\u00e1 teve um crescimento de 4.330 postos de trabalho. Os dados s\u00e3o do Cadastro Geral de Empregados e Desempregados (Caged) e foram divulgados, nesta quarta-feira, dia 29 de mar\u00e7o, pelo Minist\u00e9rio do Trabalho. O balan\u00e7o, proveniente da rela\u00e7\u00e3o entre o n\u00famero de contrata\u00e7\u00f5es com carteira assinada (43.144) e demiss\u00f5es (38.814), \u00e9 o terceiro melhor da regi\u00e3o Nordeste, atr\u00e1s de Pernambuco (6.740) e Bahia (8.043). Os n\u00fameros foram puxados principalmente pelo setor de servi\u00e7os (3.978), embora quase todos tenham&hellip;<\/p>\n","protected":false},"author":1,"featured_media":28817,"comment_status":"open","ping_status":"open","sticky":false,"template":"","format":"standard","meta":{"footnotes":""},"categories":[1],"tags":[],"class_list":["post-28816","post","type-post","status-publish","format-standard","has-post-thumbnail","hentry","category-noticias"],"_links":{"self":[{"href":"https:\/\/blogdorogeriogomes.com.br\/noticias\/wp-json\/wp\/v2\/posts\/28816","targetHints":{"allow":["GET"]}}],"collection":[{"href":"https:\/\/blogdorogeriogomes.com.br\/noticias\/wp-json\/wp\/v2\/posts"}],"about":[{"href":"https:\/\/blogdorogeriogomes.com.br\/noticias\/wp-json\/wp\/v2\/types\/post"}],"author":[{"embeddable":true,"href":"https:\/\/blogdorogeriogomes.com.br\/noticias\/wp-json\/wp\/v2\/users\/1"}],"replies":[{"embeddable":true,"href":"https:\/\/blogdorogeriogomes.com.br\/noticias\/wp-json\/wp\/v2\/comments?post=28816"}],"version-history":[{"count":1,"href":"https:\/\/blogdorogeriogomes.com.br\/noticias\/wp-json\/wp\/v2\/posts\/28816\/revisions"}],"predecessor-version":[{"id":28818,"href":"https:\/\/blogdorogeriogomes.com.br\/noticias\/wp-json\/wp\/v2\/posts\/28816\/revisions\/28818"}],"wp:featuredmedia":[{"embeddable":true,"href":"https:\/\/blogdorogeriogomes.com.br\/noticias\/wp-json\/wp\/v2\/media\/28817"}],"wp:attachment":[{"href":"https:\/\/blogdorogeriogomes.com.br\/noticias\/wp-json\/wp\/v2\/media?parent=28816"}],"wp:term":[{"taxonomy":"category","embeddable":true,"href":"https:\/\/blogdorogeriogomes.com.br\/noticias\/wp-json\/wp\/v2\/categories?post=28816"},{"taxonomy":"post_tag","embeddable":true,"href":"https:\/\/blogdorogeriogomes.com.br\/noticias\/wp-json\/wp\/v2\/tags?post=28816"}],"curies":[{"name":"wp","href":"https:\/\/api.w.org\/{rel}","templated":true}]}}