{"id":28819,"date":"2023-03-29T20:51:52","date_gmt":"2023-03-29T20:51:52","guid":{"rendered":"https:\/\/blogdorogeriogomes.com.br\/?p=28819"},"modified":"2023-03-30T11:54:41","modified_gmt":"2023-03-30T11:54:41","slug":"projeto-grandes-debates-da-assembleia-legislativa-discute-ceara-sem-fome-nesta-quinta-feira","status":"publish","type":"post","link":"https:\/\/blogdorogeriogomes.com.br\/noticias\/2023\/03\/projeto-grandes-debates-da-assembleia-legislativa-discute-ceara-sem-fome-nesta-quinta-feira\/","title":{"rendered":"Projeto Grandes Debates da Assembleia Legislativa discute Cear\u00e1 sem Fome nesta quinta-feira"},"content":{"rendered":"\n<p>O Cear\u00e1 \u00e9 o quarto estado, em n\u00fameros absolutos, onde h\u00e1 mais pessoas passando fome no Brasil. S\u00e3o 2,4 milh\u00f5es de cearenses nesta condi\u00e7\u00e3o, o equivalente a 26,3% da popula\u00e7\u00e3o. Os dados s\u00e3o de um estudo realizado em 2022 pela Rede Brasileira de Pesquisa em Soberania e Seguran\u00e7a Alimentar (Penssan) que revela tamb\u00e9m que, no Estado, 81,9% das fam\u00edlias est\u00e3o enfrentando algum n\u00edvel de inseguran\u00e7a alimentar.<\/p>\n\n\n\n<p>A situa\u00e7\u00e3o impacta especialmente os domic\u00edlios com crian\u00e7as de at\u00e9 10 anos e\/ou com renda familiar per capita de at\u00e9 meio sal\u00e1rio m\u00ednimo. Mais da metade (51,6%) dos lares cearenses nesse perfil est\u00e3o com restri\u00e7\u00e3o moderada ou grave de acesso aos alimentos, em situa\u00e7\u00e3o de inseguran\u00e7a alimentar. O trabalho mostra ainda que o Cear\u00e1 possui uma condi\u00e7\u00e3o em que h\u00e1 instabilidade na capacidade das fam\u00edlias de acesso aos alimentos expressa, principalmente, \u201cpreocupa\u00e7\u00e3o com a falta de alimentos no futuro pr\u00f3ximo\u201d.<\/p>\n\n\n\n<p>O projeto \u201cGrandes Debates \u2013 Parlamento Protagonista\u201d deste m\u00eas de mar\u00e7o, traz como tema \u201cCEAR\u00c1 SEM FOME- PARLAMENTO EM A\u00c7\u00c3O\u201d. Os convidados s\u00e3o a deputada Larissa Gaspar (foto), presidente da Comiss\u00e3o de Prote\u00e7\u00e3o Social e Combate \u00e0 Fome da Assembleia Legislativa; Malvinier Macedo, conselheira do Conselho de Seguran\u00e7a Alimentar e Nutricional do Cear\u00e1 (Consea) e S\u00e9rgio Farias, coordenador nacional do Movimento dos Trabalhadores Sem-Teto (MTST), com media\u00e7\u00e3o do jornalista Ruy Lima. O debate ser\u00e1 exibido nesta quinta-feira, dia 30 de mar\u00e7o, \u00e0s 21h, pela TV Assembleia, R\u00e1dio Assembleia e Redes Sociais da Casa. A coordena\u00e7\u00e3o do \u201cGrandes Debates\u201d \u00e9 do Conselho de Altos Estudos e Assuntos Estrat\u00e9gicos, sob a presid\u00eancia do deputado estadual Davi de Raimund\u00e3o.<\/p>\n\n\n\n<figure class=\"wp-block-image size-large is-resized\"><img loading=\"lazy\" decoding=\"async\" src=\"https:\/\/blogdorogeriogomes.com.br\/wp-content\/uploads\/2023\/03\/IMG-20230328-WA0042-1024x682.jpg\" alt=\"\" class=\"wp-image-28820\" width=\"332\" height=\"221\" srcset=\"https:\/\/blogdorogeriogomes.com.br\/noticias\/wp-content\/uploads\/2023\/03\/IMG-20230328-WA0042-1024x682.jpg 1024w, https:\/\/blogdorogeriogomes.com.br\/noticias\/wp-content\/uploads\/2023\/03\/IMG-20230328-WA0042-300x200.jpg 300w, https:\/\/blogdorogeriogomes.com.br\/noticias\/wp-content\/uploads\/2023\/03\/IMG-20230328-WA0042-768x512.jpg 768w, https:\/\/blogdorogeriogomes.com.br\/noticias\/wp-content\/uploads\/2023\/03\/IMG-20230328-WA0042-1536x1023.jpg 1536w, https:\/\/blogdorogeriogomes.com.br\/noticias\/wp-content\/uploads\/2023\/03\/IMG-20230328-WA0042-800x533.jpg 800w, https:\/\/blogdorogeriogomes.com.br\/noticias\/wp-content\/uploads\/2023\/03\/IMG-20230328-WA0042.jpg 1600w\" sizes=\"auto, (max-width: 332px) 100vw, 332px\" \/><\/figure>\n\n\n\n<p><\/p>\n\n\n\n<p><\/p>\n\n\n\n<p><\/p>\n\n\n\n<p><\/p>\n\n\n\n<p><\/p>\n\n\n\n<p><\/p>\n","protected":false},"excerpt":{"rendered":"<p>O Cear\u00e1 \u00e9 o quarto estado, em n\u00fameros absolutos, onde h\u00e1 mais pessoas passando fome no Brasil. S\u00e3o 2,4 milh\u00f5es de cearenses nesta condi\u00e7\u00e3o, o equivalente a 26,3% da popula\u00e7\u00e3o. Os dados s\u00e3o de um estudo realizado em 2022 pela Rede Brasileira de Pesquisa em Soberania e Seguran\u00e7a Alimentar (Penssan) que revela tamb\u00e9m que, no Estado, 81,9% das fam\u00edlias est\u00e3o enfrentando algum n\u00edvel de inseguran\u00e7a alimentar. A situa\u00e7\u00e3o impacta especialmente os domic\u00edlios com crian\u00e7as de at\u00e9 10 anos e\/ou&hellip;<\/p>\n","protected":false},"author":1,"featured_media":28820,"comment_status":"open","ping_status":"open","sticky":false,"template":"","format":"standard","meta":{"footnotes":""},"categories":[1],"tags":[],"class_list":["post-28819","post","type-post","status-publish","format-standard","has-post-thumbnail","hentry","category-noticias"],"_links":{"self":[{"href":"https:\/\/blogdorogeriogomes.com.br\/noticias\/wp-json\/wp\/v2\/posts\/28819","targetHints":{"allow":["GET"]}}],"collection":[{"href":"https:\/\/blogdorogeriogomes.com.br\/noticias\/wp-json\/wp\/v2\/posts"}],"about":[{"href":"https:\/\/blogdorogeriogomes.com.br\/noticias\/wp-json\/wp\/v2\/types\/post"}],"author":[{"embeddable":true,"href":"https:\/\/blogdorogeriogomes.com.br\/noticias\/wp-json\/wp\/v2\/users\/1"}],"replies":[{"embeddable":true,"href":"https:\/\/blogdorogeriogomes.com.br\/noticias\/wp-json\/wp\/v2\/comments?post=28819"}],"version-history":[{"count":1,"href":"https:\/\/blogdorogeriogomes.com.br\/noticias\/wp-json\/wp\/v2\/posts\/28819\/revisions"}],"predecessor-version":[{"id":28821,"href":"https:\/\/blogdorogeriogomes.com.br\/noticias\/wp-json\/wp\/v2\/posts\/28819\/revisions\/28821"}],"wp:featuredmedia":[{"embeddable":true,"href":"https:\/\/blogdorogeriogomes.com.br\/noticias\/wp-json\/wp\/v2\/media\/28820"}],"wp:attachment":[{"href":"https:\/\/blogdorogeriogomes.com.br\/noticias\/wp-json\/wp\/v2\/media?parent=28819"}],"wp:term":[{"taxonomy":"category","embeddable":true,"href":"https:\/\/blogdorogeriogomes.com.br\/noticias\/wp-json\/wp\/v2\/categories?post=28819"},{"taxonomy":"post_tag","embeddable":true,"href":"https:\/\/blogdorogeriogomes.com.br\/noticias\/wp-json\/wp\/v2\/tags?post=28819"}],"curies":[{"name":"wp","href":"https:\/\/api.w.org\/{rel}","templated":true}]}}