{"id":28826,"date":"2023-03-30T20:35:39","date_gmt":"2023-03-30T20:35:39","guid":{"rendered":"https:\/\/blogdorogeriogomes.com.br\/?p=28826"},"modified":"2023-03-31T13:00:35","modified_gmt":"2023-03-31T13:00:35","slug":"al-quer-campanha-para-arrecadar-alimentos-para-os-desabrigados-nos-jogos-finais-entre-ceara-e-fortaleza","status":"publish","type":"post","link":"https:\/\/blogdorogeriogomes.com.br\/noticias\/2023\/03\/al-quer-campanha-para-arrecadar-alimentos-para-os-desabrigados-nos-jogos-finais-entre-ceara-e-fortaleza\/","title":{"rendered":"AL quer campanha para arrecadar alimentos para os desabrigados nos jogos finais entre Cear\u00e1 e Fortaleza"},"content":{"rendered":"\n<p>O presidente da Assembleia Legislativa do Cear\u00e1 , deputado Evandro Leit\u00e3o, se re\u00fane com representantes de Cear\u00e1, Fortaleza e Federa\u00e7\u00e3o Cearense de Futebol (FCF), nesta sexta-feira, dia 31 de mar\u00e7o, para propor a realiza\u00e7\u00e3o de uma campanha de arrecada\u00e7\u00e3o de alimentos nos dois jogos da final do Campeonato Cearense de 2023. A iniciativa tem como principal motiva\u00e7\u00e3o o contexto de calamidade enfrentado por munic\u00edpios do interior diante das enchentes nas \u00faltimas semanas, que resultaram em muitas fam\u00edlias desalojadas.<\/p>\n\n\n\n<p>Nesta quinta-feira, dia 30, os deputados estaduais aprovaram o projeto que autoriza a pr\u00f3pria Assembleia Legislativa a adquirir e distribuir insumos alimentares e equipamentos para montagens de cozinhas comunit\u00e1rias no interior do Estado.<\/p>\n\n\n\n<p>Os equipamentos e insumos ser\u00e3o entregues a entidades da sociedade civil, mediante assinatura de acordo de coopera\u00e7\u00e3o e regulamentados por ato normativo da Mesa Diretora.<\/p>\n\n\n\n<figure class=\"wp-block-image size-large\"><img loading=\"lazy\" decoding=\"async\" width=\"1024\" height=\"682\" src=\"https:\/\/blogdorogeriogomes.com.br\/wp-content\/uploads\/2023\/03\/IMG-20230330-WA0171-1024x682.jpg\" alt=\"\" class=\"wp-image-28827\" srcset=\"https:\/\/blogdorogeriogomes.com.br\/noticias\/wp-content\/uploads\/2023\/03\/IMG-20230330-WA0171-1024x682.jpg 1024w, https:\/\/blogdorogeriogomes.com.br\/noticias\/wp-content\/uploads\/2023\/03\/IMG-20230330-WA0171-300x200.jpg 300w, https:\/\/blogdorogeriogomes.com.br\/noticias\/wp-content\/uploads\/2023\/03\/IMG-20230330-WA0171-768x511.jpg 768w, https:\/\/blogdorogeriogomes.com.br\/noticias\/wp-content\/uploads\/2023\/03\/IMG-20230330-WA0171-800x533.jpg 800w, https:\/\/blogdorogeriogomes.com.br\/noticias\/wp-content\/uploads\/2023\/03\/IMG-20230330-WA0171.jpg 1280w\" sizes=\"auto, (max-width: 1024px) 100vw, 1024px\" \/><\/figure>\n","protected":false},"excerpt":{"rendered":"<p>O presidente da Assembleia Legislativa do Cear\u00e1 , deputado Evandro Leit\u00e3o, se re\u00fane com representantes de Cear\u00e1, Fortaleza e Federa\u00e7\u00e3o Cearense de Futebol (FCF), nesta sexta-feira, dia 31 de mar\u00e7o, para propor a realiza\u00e7\u00e3o de uma campanha de arrecada\u00e7\u00e3o de alimentos nos dois jogos da final do Campeonato Cearense de 2023. A iniciativa tem como principal motiva\u00e7\u00e3o o contexto de calamidade enfrentado por munic\u00edpios do interior diante das enchentes nas \u00faltimas semanas, que resultaram em muitas fam\u00edlias desalojadas. Nesta&hellip;<\/p>\n","protected":false},"author":1,"featured_media":28827,"comment_status":"open","ping_status":"open","sticky":false,"template":"","format":"standard","meta":{"footnotes":""},"categories":[1],"tags":[],"class_list":["post-28826","post","type-post","status-publish","format-standard","has-post-thumbnail","hentry","category-noticias"],"_links":{"self":[{"href":"https:\/\/blogdorogeriogomes.com.br\/noticias\/wp-json\/wp\/v2\/posts\/28826","targetHints":{"allow":["GET"]}}],"collection":[{"href":"https:\/\/blogdorogeriogomes.com.br\/noticias\/wp-json\/wp\/v2\/posts"}],"about":[{"href":"https:\/\/blogdorogeriogomes.com.br\/noticias\/wp-json\/wp\/v2\/types\/post"}],"author":[{"embeddable":true,"href":"https:\/\/blogdorogeriogomes.com.br\/noticias\/wp-json\/wp\/v2\/users\/1"}],"replies":[{"embeddable":true,"href":"https:\/\/blogdorogeriogomes.com.br\/noticias\/wp-json\/wp\/v2\/comments?post=28826"}],"version-history":[{"count":1,"href":"https:\/\/blogdorogeriogomes.com.br\/noticias\/wp-json\/wp\/v2\/posts\/28826\/revisions"}],"predecessor-version":[{"id":28828,"href":"https:\/\/blogdorogeriogomes.com.br\/noticias\/wp-json\/wp\/v2\/posts\/28826\/revisions\/28828"}],"wp:featuredmedia":[{"embeddable":true,"href":"https:\/\/blogdorogeriogomes.com.br\/noticias\/wp-json\/wp\/v2\/media\/28827"}],"wp:attachment":[{"href":"https:\/\/blogdorogeriogomes.com.br\/noticias\/wp-json\/wp\/v2\/media?parent=28826"}],"wp:term":[{"taxonomy":"category","embeddable":true,"href":"https:\/\/blogdorogeriogomes.com.br\/noticias\/wp-json\/wp\/v2\/categories?post=28826"},{"taxonomy":"post_tag","embeddable":true,"href":"https:\/\/blogdorogeriogomes.com.br\/noticias\/wp-json\/wp\/v2\/tags?post=28826"}],"curies":[{"name":"wp","href":"https:\/\/api.w.org\/{rel}","templated":true}]}}