{"id":28829,"date":"2023-03-31T11:21:59","date_gmt":"2023-03-31T11:21:59","guid":{"rendered":"https:\/\/blogdorogeriogomes.com.br\/?p=28829"},"modified":"2023-03-31T13:00:26","modified_gmt":"2023-03-31T13:00:26","slug":"edital-de-concurso-da-amc-em-fortaleza-deve-ser-lancado-ate-proximo-mes-de-julho","status":"publish","type":"post","link":"https:\/\/blogdorogeriogomes.com.br\/noticias\/2023\/03\/edital-de-concurso-da-amc-em-fortaleza-deve-ser-lancado-ate-proximo-mes-de-julho\/","title":{"rendered":"Edital de concurso da AMC em Fortaleza deve ser lan\u00e7ado at\u00e9 pr\u00f3ximo m\u00eas de julho"},"content":{"rendered":"\n<p>Vem mais uma oportunidade de concurso p\u00fablico neste semestre em Fortaleza. O edital para o novo concurso da Autarquia Municipal de Tr\u00e2nsito e Cidadania (AMC) de Fortaleza deve ser divulgado at\u00e9 julho deste ano.&nbsp;<\/p>\n\n\n\n<p>Segundo a Prefeitura de Fortaleza, ser\u00e3o ofertadas 128 vagas&nbsp;para o cargo de agente de tr\u00e2nsito, com n\u00edvel m\u00e9dio. Ainda n\u00e3o foi divulgado quais as etapas do processo seletivo e a remunera\u00e7\u00e3o.<\/p>\n\n\n\n<p>As datas de inscri\u00e7\u00e3o e realiza\u00e7\u00e3o ainda ser\u00e3o informadas. O \u00faltimo concurso da AMC foi realizado em&nbsp;2008, com 50 vagas para agente municipal de opera\u00e7\u00e3o e fiscaliza\u00e7\u00e3o de tr\u00e2nsito.&nbsp;<\/p>\n\n\n\n<figure class=\"wp-block-image size-full\"><img loading=\"lazy\" decoding=\"async\" width=\"723\" height=\"424\" src=\"https:\/\/blogdorogeriogomes.com.br\/wp-content\/uploads\/2023\/03\/images-13-1.jpeg\" alt=\"\" class=\"wp-image-28830\" srcset=\"https:\/\/blogdorogeriogomes.com.br\/noticias\/wp-content\/uploads\/2023\/03\/images-13-1.jpeg 723w, https:\/\/blogdorogeriogomes.com.br\/noticias\/wp-content\/uploads\/2023\/03\/images-13-1-300x176.jpeg 300w\" sizes=\"auto, (max-width: 723px) 100vw, 723px\" \/><\/figure>\n","protected":false},"excerpt":{"rendered":"<p>Vem mais uma oportunidade de concurso p\u00fablico neste semestre em Fortaleza. O edital para o novo concurso da Autarquia Municipal de Tr\u00e2nsito e Cidadania (AMC) de Fortaleza deve ser divulgado at\u00e9 julho deste ano.&nbsp; Segundo a Prefeitura de Fortaleza, ser\u00e3o ofertadas 128 vagas&nbsp;para o cargo de agente de tr\u00e2nsito, com n\u00edvel m\u00e9dio. Ainda n\u00e3o foi divulgado quais as etapas do processo seletivo e a remunera\u00e7\u00e3o. As datas de inscri\u00e7\u00e3o e realiza\u00e7\u00e3o ainda ser\u00e3o informadas. O \u00faltimo concurso da AMC&hellip;<\/p>\n","protected":false},"author":1,"featured_media":28830,"comment_status":"open","ping_status":"open","sticky":false,"template":"","format":"standard","meta":{"footnotes":""},"categories":[1],"tags":[],"class_list":["post-28829","post","type-post","status-publish","format-standard","has-post-thumbnail","hentry","category-noticias"],"_links":{"self":[{"href":"https:\/\/blogdorogeriogomes.com.br\/noticias\/wp-json\/wp\/v2\/posts\/28829","targetHints":{"allow":["GET"]}}],"collection":[{"href":"https:\/\/blogdorogeriogomes.com.br\/noticias\/wp-json\/wp\/v2\/posts"}],"about":[{"href":"https:\/\/blogdorogeriogomes.com.br\/noticias\/wp-json\/wp\/v2\/types\/post"}],"author":[{"embeddable":true,"href":"https:\/\/blogdorogeriogomes.com.br\/noticias\/wp-json\/wp\/v2\/users\/1"}],"replies":[{"embeddable":true,"href":"https:\/\/blogdorogeriogomes.com.br\/noticias\/wp-json\/wp\/v2\/comments?post=28829"}],"version-history":[{"count":2,"href":"https:\/\/blogdorogeriogomes.com.br\/noticias\/wp-json\/wp\/v2\/posts\/28829\/revisions"}],"predecessor-version":[{"id":28844,"href":"https:\/\/blogdorogeriogomes.com.br\/noticias\/wp-json\/wp\/v2\/posts\/28829\/revisions\/28844"}],"wp:featuredmedia":[{"embeddable":true,"href":"https:\/\/blogdorogeriogomes.com.br\/noticias\/wp-json\/wp\/v2\/media\/28830"}],"wp:attachment":[{"href":"https:\/\/blogdorogeriogomes.com.br\/noticias\/wp-json\/wp\/v2\/media?parent=28829"}],"wp:term":[{"taxonomy":"category","embeddable":true,"href":"https:\/\/blogdorogeriogomes.com.br\/noticias\/wp-json\/wp\/v2\/categories?post=28829"},{"taxonomy":"post_tag","embeddable":true,"href":"https:\/\/blogdorogeriogomes.com.br\/noticias\/wp-json\/wp\/v2\/tags?post=28829"}],"curies":[{"name":"wp","href":"https:\/\/api.w.org\/{rel}","templated":true}]}}