{"id":28832,"date":"2023-03-31T11:41:52","date_gmt":"2023-03-31T11:41:52","guid":{"rendered":"https:\/\/blogdorogeriogomes.com.br\/?p=28832"},"modified":"2023-03-31T13:00:11","modified_gmt":"2023-03-31T13:00:11","slug":"marco-teve-chuvas-intensas-no-ceara-e-primeiros-dias-de-abril-devem-manter-nivel-de-precipitacoes","status":"publish","type":"post","link":"https:\/\/blogdorogeriogomes.com.br\/noticias\/2023\/03\/marco-teve-chuvas-intensas-no-ceara-e-primeiros-dias-de-abril-devem-manter-nivel-de-precipitacoes\/","title":{"rendered":"Mar\u00e7o teve chuvas intensas no Cear\u00e1 e primeiros dias de abril devem manter n\u00edvel de precipita\u00e7\u00f5es"},"content":{"rendered":"\n<p>O Cear\u00e1 tem o&nbsp;m\u00eas de mar\u00e7o mais chuvoso desde o ano de 2008, de acordo com dados da Funda\u00e7\u00e3o Cearense de Meteorologia e Recursos H\u00eddricos (Funceme). O estado somou quase 300 mil\u00edmetros em volume de chuva na m\u00e9dia.<\/p>\n\n\n\n<p>As maiores precipita\u00e7\u00f5es foram registradas no interior do Estado, com v\u00e1rios munic\u00edpios apresentando problemas de alagamento, deslizamento de terra e danos nas rodovias.<\/p>\n\n\n\n<p>O Cear\u00e1 deve ter c\u00e9u variando de nublado a parcialmente nublado, com chuva em todas as macrorregi\u00f5es do estado nesta sexta-feira, dia 31 de mar\u00e7o. A mesma previs\u00e3o, segundo a Funceme, vale para o s\u00e1bado, dia 1\u00ba de abril, e domingo, dia 2.&nbsp;<\/p>\n\n\n\n<p>Os a\u00e7udes cearenses tamb\u00e9m t\u00eam recebido uma boa recarga de \u00e1gua. O Castanh\u00e3o, maior do Cear\u00e1, est\u00e1 com 23,37% da sua capacidade. O Or\u00f3s aparece com 52,23% e o Banabui\u00fa com 19,36%.<\/p>\n\n\n\n<figure class=\"wp-block-image size-full\"><img loading=\"lazy\" decoding=\"async\" width=\"640\" height=\"480\" src=\"https:\/\/blogdorogeriogomes.com.br\/wp-content\/uploads\/2023\/03\/images-14-1.jpeg\" alt=\"\" class=\"wp-image-28833\" srcset=\"https:\/\/blogdorogeriogomes.com.br\/noticias\/wp-content\/uploads\/2023\/03\/images-14-1.jpeg 640w, https:\/\/blogdorogeriogomes.com.br\/noticias\/wp-content\/uploads\/2023\/03\/images-14-1-300x225.jpeg 300w, https:\/\/blogdorogeriogomes.com.br\/noticias\/wp-content\/uploads\/2023\/03\/images-14-1-400x300.jpeg 400w\" sizes=\"auto, (max-width: 640px) 100vw, 640px\" \/><\/figure>\n","protected":false},"excerpt":{"rendered":"<p>O Cear\u00e1 tem o&nbsp;m\u00eas de mar\u00e7o mais chuvoso desde o ano de 2008, de acordo com dados da Funda\u00e7\u00e3o Cearense de Meteorologia e Recursos H\u00eddricos (Funceme). O estado somou quase 300 mil\u00edmetros em volume de chuva na m\u00e9dia. As maiores precipita\u00e7\u00f5es foram registradas no interior do Estado, com v\u00e1rios munic\u00edpios apresentando problemas de alagamento, deslizamento de terra e danos nas rodovias. O Cear\u00e1 deve ter c\u00e9u variando de nublado a parcialmente nublado, com chuva em todas as macrorregi\u00f5es do&hellip;<\/p>\n","protected":false},"author":1,"featured_media":28833,"comment_status":"open","ping_status":"open","sticky":false,"template":"","format":"standard","meta":{"footnotes":""},"categories":[1],"tags":[],"class_list":["post-28832","post","type-post","status-publish","format-standard","has-post-thumbnail","hentry","category-noticias"],"_links":{"self":[{"href":"https:\/\/blogdorogeriogomes.com.br\/noticias\/wp-json\/wp\/v2\/posts\/28832","targetHints":{"allow":["GET"]}}],"collection":[{"href":"https:\/\/blogdorogeriogomes.com.br\/noticias\/wp-json\/wp\/v2\/posts"}],"about":[{"href":"https:\/\/blogdorogeriogomes.com.br\/noticias\/wp-json\/wp\/v2\/types\/post"}],"author":[{"embeddable":true,"href":"https:\/\/blogdorogeriogomes.com.br\/noticias\/wp-json\/wp\/v2\/users\/1"}],"replies":[{"embeddable":true,"href":"https:\/\/blogdorogeriogomes.com.br\/noticias\/wp-json\/wp\/v2\/comments?post=28832"}],"version-history":[{"count":2,"href":"https:\/\/blogdorogeriogomes.com.br\/noticias\/wp-json\/wp\/v2\/posts\/28832\/revisions"}],"predecessor-version":[{"id":28843,"href":"https:\/\/blogdorogeriogomes.com.br\/noticias\/wp-json\/wp\/v2\/posts\/28832\/revisions\/28843"}],"wp:featuredmedia":[{"embeddable":true,"href":"https:\/\/blogdorogeriogomes.com.br\/noticias\/wp-json\/wp\/v2\/media\/28833"}],"wp:attachment":[{"href":"https:\/\/blogdorogeriogomes.com.br\/noticias\/wp-json\/wp\/v2\/media?parent=28832"}],"wp:term":[{"taxonomy":"category","embeddable":true,"href":"https:\/\/blogdorogeriogomes.com.br\/noticias\/wp-json\/wp\/v2\/categories?post=28832"},{"taxonomy":"post_tag","embeddable":true,"href":"https:\/\/blogdorogeriogomes.com.br\/noticias\/wp-json\/wp\/v2\/tags?post=28832"}],"curies":[{"name":"wp","href":"https:\/\/api.w.org\/{rel}","templated":true}]}}