{"id":28835,"date":"2023-03-31T12:02:04","date_gmt":"2023-03-31T12:02:04","guid":{"rendered":"https:\/\/blogdorogeriogomes.com.br\/?p=28835"},"modified":"2023-03-31T12:59:56","modified_gmt":"2023-03-31T12:59:56","slug":"haddad-apresenta-proposta-de-arcabouco-fiscal-que-passara-por-analise-do-congresso-nacional","status":"publish","type":"post","link":"https:\/\/blogdorogeriogomes.com.br\/noticias\/2023\/03\/haddad-apresenta-proposta-de-arcabouco-fiscal-que-passara-por-analise-do-congresso-nacional\/","title":{"rendered":"Haddad apresenta proposta de arcabou\u00e7o fiscal que passar\u00e1 por an\u00e1lise do Congresso Nacional"},"content":{"rendered":"\n<p>Com o aval do presidente Lula (PT), a nova proposta de arcabou\u00e7o fiscal foi apresentada pelo ministro da Fazenda, Fernando Haddad. A&nbsp;proposta do governo ter\u00e1 uma trava para impedir que os gastos federais cres\u00e7am mais do que a arrecada\u00e7\u00e3o, mas contar\u00e1 tamb\u00e9m com um limite m\u00ednimo para a evolu\u00e7\u00e3o das despesas, que crescer\u00e3o sempre acima da infla\u00e7\u00e3o, divulgou o Minist\u00e9rio da Fazenda, em regra que contar\u00e1 com metas flex\u00edveis para o resultado prim\u00e1rio.<\/p>\n\n\n\n<p>O texto tamb\u00e9m contar\u00e1 com um piso para gastos com investimentos p\u00fablicos e n\u00e3o trar\u00e1 gatilhos espec\u00edficos para redu\u00e7\u00e3o de despesas, cabendo ao governo em exerc\u00edcio decidir politicamente quais \u00e1reas sofrer\u00e3o cortes em caso de necessidade. A proposta tem de passar pela aprova\u00e7\u00e3o do Congresso Nacional.<\/p>\n\n\n\n<p>Em tempo: O Pal\u00e1cio do Planalto recebeu a confirma\u00e7\u00e3o da chancelaria chinesa e come\u00e7a a planejar a viagem de&nbsp;Lula e Haddad \u00e0&nbsp;China entre os dias 11 e 14 de abril. Depois de manifestar interesse nas datas, o governo brasileiro aguardava a agenda do presidente chin\u00eas, Xi Jinping, para poder sacramentar a ida, adiada por conta de um quadro de pneumonia de Lula. O encontro com o presidente chin\u00eas deve ser no dia 13 ou 14, em Pequim.<\/p>\n\n\n\n<figure class=\"wp-block-image size-large\"><img loading=\"lazy\" decoding=\"async\" width=\"1024\" height=\"576\" src=\"https:\/\/blogdorogeriogomes.com.br\/wp-content\/uploads\/2023\/03\/equipe-econcomica-1024x576.jpeg\" alt=\"\" class=\"wp-image-28837\" srcset=\"https:\/\/blogdorogeriogomes.com.br\/noticias\/wp-content\/uploads\/2023\/03\/equipe-econcomica-1024x576.jpeg 1024w, https:\/\/blogdorogeriogomes.com.br\/noticias\/wp-content\/uploads\/2023\/03\/equipe-econcomica-300x169.jpeg 300w, https:\/\/blogdorogeriogomes.com.br\/noticias\/wp-content\/uploads\/2023\/03\/equipe-econcomica-768x432.jpeg 768w, https:\/\/blogdorogeriogomes.com.br\/noticias\/wp-content\/uploads\/2023\/03\/equipe-econcomica-800x450.jpeg 800w, https:\/\/blogdorogeriogomes.com.br\/noticias\/wp-content\/uploads\/2023\/03\/equipe-econcomica.jpeg 1080w\" sizes=\"auto, (max-width: 1024px) 100vw, 1024px\" \/><\/figure>\n","protected":false},"excerpt":{"rendered":"<p>Com o aval do presidente Lula (PT), a nova proposta de arcabou\u00e7o fiscal foi apresentada pelo ministro da Fazenda, Fernando Haddad. A&nbsp;proposta do governo ter\u00e1 uma trava para impedir que os gastos federais cres\u00e7am mais do que a arrecada\u00e7\u00e3o, mas contar\u00e1 tamb\u00e9m com um limite m\u00ednimo para a evolu\u00e7\u00e3o das despesas, que crescer\u00e3o sempre acima da infla\u00e7\u00e3o, divulgou o Minist\u00e9rio da Fazenda, em regra que contar\u00e1 com metas flex\u00edveis para o resultado prim\u00e1rio. O texto tamb\u00e9m contar\u00e1 com um&hellip;<\/p>\n","protected":false},"author":1,"featured_media":28837,"comment_status":"open","ping_status":"open","sticky":false,"template":"","format":"standard","meta":{"footnotes":""},"categories":[1],"tags":[],"class_list":["post-28835","post","type-post","status-publish","format-standard","has-post-thumbnail","hentry","category-noticias"],"_links":{"self":[{"href":"https:\/\/blogdorogeriogomes.com.br\/noticias\/wp-json\/wp\/v2\/posts\/28835","targetHints":{"allow":["GET"]}}],"collection":[{"href":"https:\/\/blogdorogeriogomes.com.br\/noticias\/wp-json\/wp\/v2\/posts"}],"about":[{"href":"https:\/\/blogdorogeriogomes.com.br\/noticias\/wp-json\/wp\/v2\/types\/post"}],"author":[{"embeddable":true,"href":"https:\/\/blogdorogeriogomes.com.br\/noticias\/wp-json\/wp\/v2\/users\/1"}],"replies":[{"embeddable":true,"href":"https:\/\/blogdorogeriogomes.com.br\/noticias\/wp-json\/wp\/v2\/comments?post=28835"}],"version-history":[{"count":2,"href":"https:\/\/blogdorogeriogomes.com.br\/noticias\/wp-json\/wp\/v2\/posts\/28835\/revisions"}],"predecessor-version":[{"id":28842,"href":"https:\/\/blogdorogeriogomes.com.br\/noticias\/wp-json\/wp\/v2\/posts\/28835\/revisions\/28842"}],"wp:featuredmedia":[{"embeddable":true,"href":"https:\/\/blogdorogeriogomes.com.br\/noticias\/wp-json\/wp\/v2\/media\/28837"}],"wp:attachment":[{"href":"https:\/\/blogdorogeriogomes.com.br\/noticias\/wp-json\/wp\/v2\/media?parent=28835"}],"wp:term":[{"taxonomy":"category","embeddable":true,"href":"https:\/\/blogdorogeriogomes.com.br\/noticias\/wp-json\/wp\/v2\/categories?post=28835"},{"taxonomy":"post_tag","embeddable":true,"href":"https:\/\/blogdorogeriogomes.com.br\/noticias\/wp-json\/wp\/v2\/tags?post=28835"}],"curies":[{"name":"wp","href":"https:\/\/api.w.org\/{rel}","templated":true}]}}