{"id":28845,"date":"2023-03-31T21:14:46","date_gmt":"2023-03-31T21:14:46","guid":{"rendered":"https:\/\/blogdorogeriogomes.com.br\/?p=28845"},"modified":"2023-04-03T11:02:45","modified_gmt":"2023-04-03T11:02:45","slug":"prefeito-jose-sarto-assina-ordem-de-servico-para-urbanizacao-e-requalificacao-da-praia-de-iracema","status":"publish","type":"post","link":"https:\/\/blogdorogeriogomes.com.br\/noticias\/2023\/03\/prefeito-jose-sarto-assina-ordem-de-servico-para-urbanizacao-e-requalificacao-da-praia-de-iracema\/","title":{"rendered":"Prefeito Jos\u00e9 Sarto assina ordem de servi\u00e7o para urbaniza\u00e7\u00e3o e requalifica\u00e7\u00e3o da Praia de Iracema"},"content":{"rendered":"\n<p>O prefeito de Fortaleza, Jos\u00e9 Sarto, assinou, nesta sexta-feira, dia 31 de mar\u00e7o, ordem de servi\u00e7o para o in\u00edcio das obras de urbaniza\u00e7\u00e3o e paisagismo do cal\u00e7ad\u00e3o da Praia de Iracema. O local, famoso ponto tur\u00edstico da cidade, receber\u00e1 diversas interven\u00e7\u00f5es que v\u00e3o proporcionar mais conforto, mobilidade e lazer para quem frequenta a regi\u00e3o.<\/p>\n\n\n\n<p>O projeto de requalifica\u00e7\u00e3o prev\u00ea a reforma de 200 mil m\u00b2 de \u00e1rea, entre a avenida Rui Barbosa at\u00e9 as proximidades da antiga Ponte Met\u00e1lica, contemplando todo o cal\u00e7ad\u00e3o da Praia de Iracema e o Po\u00e7o da Draga.<\/p>\n\n\n\n<p>A partir desta segunda-feira, dia 3 de abril, a Secretaria Municipal da Infraestrutura (Seinf) dar\u00e1 in\u00edcio a primeira frente de servi\u00e7o no cal\u00e7ad\u00e3o da Av. Historiador Raimundo Gir\u00e3o, no trecho compreendido entre a Av. Rui Barbosa e a rua Carlos Vasconcelos.<\/p>\n\n\n\n<figure class=\"wp-block-image size-large\"><img loading=\"lazy\" decoding=\"async\" width=\"1024\" height=\"601\" src=\"https:\/\/blogdorogeriogomes.com.br\/wp-content\/uploads\/2023\/03\/31-03-2023-Praia-de-Iracema-DSC09412-1024x601.jpg\" alt=\"\" class=\"wp-image-28846\" srcset=\"https:\/\/blogdorogeriogomes.com.br\/noticias\/wp-content\/uploads\/2023\/03\/31-03-2023-Praia-de-Iracema-DSC09412-1024x601.jpg 1024w, https:\/\/blogdorogeriogomes.com.br\/noticias\/wp-content\/uploads\/2023\/03\/31-03-2023-Praia-de-Iracema-DSC09412-300x176.jpg 300w, https:\/\/blogdorogeriogomes.com.br\/noticias\/wp-content\/uploads\/2023\/03\/31-03-2023-Praia-de-Iracema-DSC09412-768x451.jpg 768w, https:\/\/blogdorogeriogomes.com.br\/noticias\/wp-content\/uploads\/2023\/03\/31-03-2023-Praia-de-Iracema-DSC09412-800x470.jpg 800w, https:\/\/blogdorogeriogomes.com.br\/noticias\/wp-content\/uploads\/2023\/03\/31-03-2023-Praia-de-Iracema-DSC09412.jpg 1495w\" sizes=\"auto, (max-width: 1024px) 100vw, 1024px\" \/><\/figure>\n","protected":false},"excerpt":{"rendered":"<p>O prefeito de Fortaleza, Jos\u00e9 Sarto, assinou, nesta sexta-feira, dia 31 de mar\u00e7o, ordem de servi\u00e7o para o in\u00edcio das obras de urbaniza\u00e7\u00e3o e paisagismo do cal\u00e7ad\u00e3o da Praia de Iracema. O local, famoso ponto tur\u00edstico da cidade, receber\u00e1 diversas interven\u00e7\u00f5es que v\u00e3o proporcionar mais conforto, mobilidade e lazer para quem frequenta a regi\u00e3o. O projeto de requalifica\u00e7\u00e3o prev\u00ea a reforma de 200 mil m\u00b2 de \u00e1rea, entre a avenida Rui Barbosa at\u00e9 as proximidades da antiga Ponte Met\u00e1lica,&hellip;<\/p>\n","protected":false},"author":1,"featured_media":28846,"comment_status":"open","ping_status":"open","sticky":false,"template":"","format":"standard","meta":{"footnotes":""},"categories":[1],"tags":[],"class_list":["post-28845","post","type-post","status-publish","format-standard","has-post-thumbnail","hentry","category-noticias"],"_links":{"self":[{"href":"https:\/\/blogdorogeriogomes.com.br\/noticias\/wp-json\/wp\/v2\/posts\/28845","targetHints":{"allow":["GET"]}}],"collection":[{"href":"https:\/\/blogdorogeriogomes.com.br\/noticias\/wp-json\/wp\/v2\/posts"}],"about":[{"href":"https:\/\/blogdorogeriogomes.com.br\/noticias\/wp-json\/wp\/v2\/types\/post"}],"author":[{"embeddable":true,"href":"https:\/\/blogdorogeriogomes.com.br\/noticias\/wp-json\/wp\/v2\/users\/1"}],"replies":[{"embeddable":true,"href":"https:\/\/blogdorogeriogomes.com.br\/noticias\/wp-json\/wp\/v2\/comments?post=28845"}],"version-history":[{"count":1,"href":"https:\/\/blogdorogeriogomes.com.br\/noticias\/wp-json\/wp\/v2\/posts\/28845\/revisions"}],"predecessor-version":[{"id":28847,"href":"https:\/\/blogdorogeriogomes.com.br\/noticias\/wp-json\/wp\/v2\/posts\/28845\/revisions\/28847"}],"wp:featuredmedia":[{"embeddable":true,"href":"https:\/\/blogdorogeriogomes.com.br\/noticias\/wp-json\/wp\/v2\/media\/28846"}],"wp:attachment":[{"href":"https:\/\/blogdorogeriogomes.com.br\/noticias\/wp-json\/wp\/v2\/media?parent=28845"}],"wp:term":[{"taxonomy":"category","embeddable":true,"href":"https:\/\/blogdorogeriogomes.com.br\/noticias\/wp-json\/wp\/v2\/categories?post=28845"},{"taxonomy":"post_tag","embeddable":true,"href":"https:\/\/blogdorogeriogomes.com.br\/noticias\/wp-json\/wp\/v2\/tags?post=28845"}],"curies":[{"name":"wp","href":"https:\/\/api.w.org\/{rel}","templated":true}]}}