{"id":28848,"date":"2023-03-31T21:30:18","date_gmt":"2023-03-31T21:30:18","guid":{"rendered":"https:\/\/blogdorogeriogomes.com.br\/?p=28848"},"modified":"2023-04-06T15:11:33","modified_gmt":"2023-04-06T15:11:33","slug":"camilo-santana-defende-aumento-dos-recursos-para-educacao-com-novo-arcabouco-fiscal","status":"publish","type":"post","link":"https:\/\/blogdorogeriogomes.com.br\/noticias\/2023\/03\/camilo-santana-defende-aumento-dos-recursos-para-educacao-com-novo-arcabouco-fiscal\/","title":{"rendered":"Camilo Santana defende aumento dos recursos para educa\u00e7\u00e3o com novo arcabou\u00e7o fiscal"},"content":{"rendered":"\n<p>O Ministro da Educa\u00e7\u00e3o Camilo Santana esteve nesta sexta-feira, dia 31 de mar\u00e7o, em Fortaleza participando de um almo\u00e7o com o Grupo Empresarial Lide Cear\u00e1. Camilo Santana veio falar sobre os desafios \u00e0 frente do Minist\u00e9rio da Educa\u00e7\u00e3o. Ele ressaltou que a proposta do novo arcabou\u00e7o fiscal apresentado pelo Governo Lula abre a perspectiva de mais recursos para o Minist\u00e9rio. &#8220;Educa\u00e7\u00e3o e sa\u00fade n\u00e3o podem ficar no teto de gastos&#8221;, disse. Sobre o novo Ensino M\u00e9dio, o ministro da Educa\u00e7\u00e3o,&nbsp;defendeu que seja revisto e discutido, mas descartou a inten\u00e7\u00e3o de revogar as mudan\u00e7as.<\/p>\n\n\n\n<p>Um dos pontos importantes destacado por Camilo \u00e9 a recupera\u00e7\u00e3o do valor destinado para a merenda escolar, como tamb\u00e9m a retomada de obras do setor paradas em todo o Pa\u00eds. Ele fez um balan\u00e7o dos 100 primeiros dias \u00e0 frente da pasta.<\/p>\n\n\n\n<p>Camilo Santana destacou que \u00e9 necess\u00e1rio investir na educa\u00e7\u00e3o b\u00e1sica do Pa\u00eds. A baixa escolaridade das crian\u00e7as gera dificuldade no desenvolvimento das futuras gera\u00e7\u00f5es.<\/p>\n\n\n\n<figure class=\"wp-block-image size-full\"><img loading=\"lazy\" decoding=\"async\" width=\"818\" height=\"459\" src=\"https:\/\/blogdorogeriogomes.com.br\/wp-content\/uploads\/2023\/03\/1_camilo_santana_10-21583617.jpg\" alt=\"\" class=\"wp-image-28849\" srcset=\"https:\/\/blogdorogeriogomes.com.br\/noticias\/wp-content\/uploads\/2023\/03\/1_camilo_santana_10-21583617.jpg 818w, https:\/\/blogdorogeriogomes.com.br\/noticias\/wp-content\/uploads\/2023\/03\/1_camilo_santana_10-21583617-300x168.jpg 300w, https:\/\/blogdorogeriogomes.com.br\/noticias\/wp-content\/uploads\/2023\/03\/1_camilo_santana_10-21583617-768x431.jpg 768w, https:\/\/blogdorogeriogomes.com.br\/noticias\/wp-content\/uploads\/2023\/03\/1_camilo_santana_10-21583617-800x449.jpg 800w\" sizes=\"auto, (max-width: 818px) 100vw, 818px\" \/><\/figure>\n\n\n\n<p><\/p>\n\n\n\n<p><\/p>\n","protected":false},"excerpt":{"rendered":"<p>O Ministro da Educa\u00e7\u00e3o Camilo Santana esteve nesta sexta-feira, dia 31 de mar\u00e7o, em Fortaleza participando de um almo\u00e7o com o Grupo Empresarial Lide Cear\u00e1. Camilo Santana veio falar sobre os desafios \u00e0 frente do Minist\u00e9rio da Educa\u00e7\u00e3o. Ele ressaltou que a proposta do novo arcabou\u00e7o fiscal apresentado pelo Governo Lula abre a perspectiva de mais recursos para o Minist\u00e9rio. &#8220;Educa\u00e7\u00e3o e sa\u00fade n\u00e3o podem ficar no teto de gastos&#8221;, disse. Sobre o novo Ensino M\u00e9dio, o ministro da&hellip;<\/p>\n","protected":false},"author":1,"featured_media":28849,"comment_status":"open","ping_status":"open","sticky":false,"template":"","format":"standard","meta":{"footnotes":""},"categories":[1],"tags":[],"class_list":["post-28848","post","type-post","status-publish","format-standard","has-post-thumbnail","hentry","category-noticias"],"_links":{"self":[{"href":"https:\/\/blogdorogeriogomes.com.br\/noticias\/wp-json\/wp\/v2\/posts\/28848","targetHints":{"allow":["GET"]}}],"collection":[{"href":"https:\/\/blogdorogeriogomes.com.br\/noticias\/wp-json\/wp\/v2\/posts"}],"about":[{"href":"https:\/\/blogdorogeriogomes.com.br\/noticias\/wp-json\/wp\/v2\/types\/post"}],"author":[{"embeddable":true,"href":"https:\/\/blogdorogeriogomes.com.br\/noticias\/wp-json\/wp\/v2\/users\/1"}],"replies":[{"embeddable":true,"href":"https:\/\/blogdorogeriogomes.com.br\/noticias\/wp-json\/wp\/v2\/comments?post=28848"}],"version-history":[{"count":2,"href":"https:\/\/blogdorogeriogomes.com.br\/noticias\/wp-json\/wp\/v2\/posts\/28848\/revisions"}],"predecessor-version":[{"id":28854,"href":"https:\/\/blogdorogeriogomes.com.br\/noticias\/wp-json\/wp\/v2\/posts\/28848\/revisions\/28854"}],"wp:featuredmedia":[{"embeddable":true,"href":"https:\/\/blogdorogeriogomes.com.br\/noticias\/wp-json\/wp\/v2\/media\/28849"}],"wp:attachment":[{"href":"https:\/\/blogdorogeriogomes.com.br\/noticias\/wp-json\/wp\/v2\/media?parent=28848"}],"wp:term":[{"taxonomy":"category","embeddable":true,"href":"https:\/\/blogdorogeriogomes.com.br\/noticias\/wp-json\/wp\/v2\/categories?post=28848"},{"taxonomy":"post_tag","embeddable":true,"href":"https:\/\/blogdorogeriogomes.com.br\/noticias\/wp-json\/wp\/v2\/tags?post=28848"}],"curies":[{"name":"wp","href":"https:\/\/api.w.org\/{rel}","templated":true}]}}