{"id":28855,"date":"2023-04-04T09:19:19","date_gmt":"2023-04-04T09:19:19","guid":{"rendered":"https:\/\/blogdorogeriogomes.com.br\/?p=28855"},"modified":"2023-04-06T15:11:27","modified_gmt":"2023-04-06T15:11:27","slug":"governo-do-estado-anuncia-convocacao-gradativa-de-concursados-da-funsaude","status":"publish","type":"post","link":"https:\/\/blogdorogeriogomes.com.br\/noticias\/2023\/04\/governo-do-estado-anuncia-convocacao-gradativa-de-concursados-da-funsaude\/","title":{"rendered":"Governo do Estado anuncia convoca\u00e7\u00e3o gradativa de concursados da Funsa\u00fade"},"content":{"rendered":"\n<p>O governador Elmano de Freitas (PT) enviou nesta segunda-feira, dia 3 de abril, um projeto \u00e0 Assembleia Legislativa&nbsp;para a convoca\u00e7\u00e3o gradativa dos seis mil aprovados para a Funda\u00e7\u00e3o Regional de Sa\u00fade (Funsa\u00fade). Os primeiros 600 ser\u00e3o chamados j\u00e1 em maio. At\u00e9 o fim de 2023, cerca de 2 mil ser\u00e3o convocados.<\/p>\n\n\n\n<p>No projeto, ficar\u00e1 estabelecido o cronograma de chamamento dos aprovados. Em maio, 600 profissionais ser\u00e3o chamados, outros 600 em setembro e 800 em dezembro. Ao todo, a previs\u00e3o seria que, em 2023, dois mil profissionais sejam chamados para entregar o quadro do Estado.<\/p>\n\n\n\n<p>A medida acontece ap\u00f3s o Minist\u00e9rio P\u00fablico (MPCE) protocolar&nbsp;na \u00faltima sexta-feira, dia 31 de mar\u00e7o, uma A\u00e7\u00e3o Civil P\u00fablica para obrigar o Governo do Cear\u00e1 e Funsa\u00fade a realizarem a convoca\u00e7\u00e3o.<br><\/p>\n\n\n\n<figure class=\"wp-block-image size-full\"><img loading=\"lazy\" decoding=\"async\" width=\"720\" height=\"426\" src=\"https:\/\/blogdorogeriogomes.com.br\/wp-content\/uploads\/2023\/04\/images-15.jpeg\" alt=\"\" class=\"wp-image-28856\" srcset=\"https:\/\/blogdorogeriogomes.com.br\/noticias\/wp-content\/uploads\/2023\/04\/images-15.jpeg 720w, https:\/\/blogdorogeriogomes.com.br\/noticias\/wp-content\/uploads\/2023\/04\/images-15-300x178.jpeg 300w\" sizes=\"auto, (max-width: 720px) 100vw, 720px\" \/><\/figure>\n\n\n\n<p><br><\/p>\n","protected":false},"excerpt":{"rendered":"<p>O governador Elmano de Freitas (PT) enviou nesta segunda-feira, dia 3 de abril, um projeto \u00e0 Assembleia Legislativa&nbsp;para a convoca\u00e7\u00e3o gradativa dos seis mil aprovados para a Funda\u00e7\u00e3o Regional de Sa\u00fade (Funsa\u00fade). Os primeiros 600 ser\u00e3o chamados j\u00e1 em maio. At\u00e9 o fim de 2023, cerca de 2 mil ser\u00e3o convocados. No projeto, ficar\u00e1 estabelecido o cronograma de chamamento dos aprovados. Em maio, 600 profissionais ser\u00e3o chamados, outros 600 em setembro e 800 em dezembro. Ao todo, a previs\u00e3o&hellip;<\/p>\n","protected":false},"author":1,"featured_media":28856,"comment_status":"open","ping_status":"open","sticky":false,"template":"","format":"standard","meta":{"footnotes":""},"categories":[1],"tags":[],"class_list":["post-28855","post","type-post","status-publish","format-standard","has-post-thumbnail","hentry","category-noticias"],"_links":{"self":[{"href":"https:\/\/blogdorogeriogomes.com.br\/noticias\/wp-json\/wp\/v2\/posts\/28855","targetHints":{"allow":["GET"]}}],"collection":[{"href":"https:\/\/blogdorogeriogomes.com.br\/noticias\/wp-json\/wp\/v2\/posts"}],"about":[{"href":"https:\/\/blogdorogeriogomes.com.br\/noticias\/wp-json\/wp\/v2\/types\/post"}],"author":[{"embeddable":true,"href":"https:\/\/blogdorogeriogomes.com.br\/noticias\/wp-json\/wp\/v2\/users\/1"}],"replies":[{"embeddable":true,"href":"https:\/\/blogdorogeriogomes.com.br\/noticias\/wp-json\/wp\/v2\/comments?post=28855"}],"version-history":[{"count":2,"href":"https:\/\/blogdorogeriogomes.com.br\/noticias\/wp-json\/wp\/v2\/posts\/28855\/revisions"}],"predecessor-version":[{"id":28889,"href":"https:\/\/blogdorogeriogomes.com.br\/noticias\/wp-json\/wp\/v2\/posts\/28855\/revisions\/28889"}],"wp:featuredmedia":[{"embeddable":true,"href":"https:\/\/blogdorogeriogomes.com.br\/noticias\/wp-json\/wp\/v2\/media\/28856"}],"wp:attachment":[{"href":"https:\/\/blogdorogeriogomes.com.br\/noticias\/wp-json\/wp\/v2\/media?parent=28855"}],"wp:term":[{"taxonomy":"category","embeddable":true,"href":"https:\/\/blogdorogeriogomes.com.br\/noticias\/wp-json\/wp\/v2\/categories?post=28855"},{"taxonomy":"post_tag","embeddable":true,"href":"https:\/\/blogdorogeriogomes.com.br\/noticias\/wp-json\/wp\/v2\/tags?post=28855"}],"curies":[{"name":"wp","href":"https:\/\/api.w.org\/{rel}","templated":true}]}}