{"id":28858,"date":"2023-04-04T09:31:51","date_gmt":"2023-04-04T09:31:51","guid":{"rendered":"https:\/\/blogdorogeriogomes.com.br\/?p=28858"},"modified":"2023-04-06T15:11:19","modified_gmt":"2023-04-06T15:11:19","slug":"fortaleza-inicia-hoje-vacinacao-bivalente-contra-covid-19-para-pessoas-com-comorbidades","status":"publish","type":"post","link":"https:\/\/blogdorogeriogomes.com.br\/noticias\/2023\/04\/fortaleza-inicia-hoje-vacinacao-bivalente-contra-covid-19-para-pessoas-com-comorbidades\/","title":{"rendered":"Fortaleza inicia hoje vacina\u00e7\u00e3o bivalente contra Covid-19 para pessoas com comorbidades"},"content":{"rendered":"\n<p>A Prefeitura de Fortaleza inicia, nesta ter\u00e7a-feira, dia 4 de abril, a aplica\u00e7\u00e3o da vacina bivalente contra Covid-19 em&nbsp;pessoas com comorbidades, a partir de 12 anos de idade. Para se vacinar \u00e9 necess\u00e1rio ter completado no m\u00ednimo o esquema prim\u00e1rio monovalente, com duas doses, em que a \u00faltima deve ter sido recebida h\u00e1, pelo menos, quatro meses. A inclus\u00e3o deste grupo foi definida pelo Minist\u00e9rio da Sa\u00fade.<\/p>\n\n\n\n<p>Esse p\u00fablico, simultaneamente ao das fases anteriores, vai ser atendido nos 118 postos de sa\u00fade da capital cearense, de segunda a sexta-feira, das 7h30 \u00e0s 18h30, enquanto durar o estoque de imunobiol\u00f3gico.<\/p>\n\n\n\n<figure class=\"wp-block-image size-full\"><img loading=\"lazy\" decoding=\"async\" width=\"984\" height=\"579\" src=\"https:\/\/blogdorogeriogomes.com.br\/wp-content\/uploads\/2023\/04\/photo5139116996493945082.jpg\" alt=\"\" class=\"wp-image-28859\" srcset=\"https:\/\/blogdorogeriogomes.com.br\/noticias\/wp-content\/uploads\/2023\/04\/photo5139116996493945082.jpg 984w, https:\/\/blogdorogeriogomes.com.br\/noticias\/wp-content\/uploads\/2023\/04\/photo5139116996493945082-300x177.jpg 300w, https:\/\/blogdorogeriogomes.com.br\/noticias\/wp-content\/uploads\/2023\/04\/photo5139116996493945082-768x452.jpg 768w, https:\/\/blogdorogeriogomes.com.br\/noticias\/wp-content\/uploads\/2023\/04\/photo5139116996493945082-800x471.jpg 800w\" sizes=\"auto, (max-width: 984px) 100vw, 984px\" \/><\/figure>\n","protected":false},"excerpt":{"rendered":"<p>A Prefeitura de Fortaleza inicia, nesta ter\u00e7a-feira, dia 4 de abril, a aplica\u00e7\u00e3o da vacina bivalente contra Covid-19 em&nbsp;pessoas com comorbidades, a partir de 12 anos de idade. Para se vacinar \u00e9 necess\u00e1rio ter completado no m\u00ednimo o esquema prim\u00e1rio monovalente, com duas doses, em que a \u00faltima deve ter sido recebida h\u00e1, pelo menos, quatro meses. A inclus\u00e3o deste grupo foi definida pelo Minist\u00e9rio da Sa\u00fade. Esse p\u00fablico, simultaneamente ao das fases anteriores, vai ser atendido nos 118&hellip;<\/p>\n","protected":false},"author":1,"featured_media":28859,"comment_status":"open","ping_status":"open","sticky":false,"template":"","format":"standard","meta":{"footnotes":""},"categories":[1],"tags":[],"class_list":["post-28858","post","type-post","status-publish","format-standard","has-post-thumbnail","hentry","category-noticias"],"_links":{"self":[{"href":"https:\/\/blogdorogeriogomes.com.br\/noticias\/wp-json\/wp\/v2\/posts\/28858","targetHints":{"allow":["GET"]}}],"collection":[{"href":"https:\/\/blogdorogeriogomes.com.br\/noticias\/wp-json\/wp\/v2\/posts"}],"about":[{"href":"https:\/\/blogdorogeriogomes.com.br\/noticias\/wp-json\/wp\/v2\/types\/post"}],"author":[{"embeddable":true,"href":"https:\/\/blogdorogeriogomes.com.br\/noticias\/wp-json\/wp\/v2\/users\/1"}],"replies":[{"embeddable":true,"href":"https:\/\/blogdorogeriogomes.com.br\/noticias\/wp-json\/wp\/v2\/comments?post=28858"}],"version-history":[{"count":2,"href":"https:\/\/blogdorogeriogomes.com.br\/noticias\/wp-json\/wp\/v2\/posts\/28858\/revisions"}],"predecessor-version":[{"id":28888,"href":"https:\/\/blogdorogeriogomes.com.br\/noticias\/wp-json\/wp\/v2\/posts\/28858\/revisions\/28888"}],"wp:featuredmedia":[{"embeddable":true,"href":"https:\/\/blogdorogeriogomes.com.br\/noticias\/wp-json\/wp\/v2\/media\/28859"}],"wp:attachment":[{"href":"https:\/\/blogdorogeriogomes.com.br\/noticias\/wp-json\/wp\/v2\/media?parent=28858"}],"wp:term":[{"taxonomy":"category","embeddable":true,"href":"https:\/\/blogdorogeriogomes.com.br\/noticias\/wp-json\/wp\/v2\/categories?post=28858"},{"taxonomy":"post_tag","embeddable":true,"href":"https:\/\/blogdorogeriogomes.com.br\/noticias\/wp-json\/wp\/v2\/tags?post=28858"}],"curies":[{"name":"wp","href":"https:\/\/api.w.org\/{rel}","templated":true}]}}