{"id":28861,"date":"2023-04-04T09:44:32","date_gmt":"2023-04-04T09:44:32","guid":{"rendered":"https:\/\/blogdorogeriogomes.com.br\/?p=28861"},"modified":"2023-04-06T15:11:12","modified_gmt":"2023-04-06T15:11:12","slug":"governo-lula-suspende-implantacao-do-novo-ensino-medio-e-promove-reabertura-de-vagas-para-cursos-de-medicina-onde-faltam-medicos","status":"publish","type":"post","link":"https:\/\/blogdorogeriogomes.com.br\/noticias\/2023\/04\/governo-lula-suspende-implantacao-do-novo-ensino-medio-e-promove-reabertura-de-vagas-para-cursos-de-medicina-onde-faltam-medicos\/","title":{"rendered":"Governo Lula suspende implanta\u00e7\u00e3o do Novo Ensino M\u00e9dio e promove reabertura de vagas para cursos de medicina onde faltam m\u00e9dicos"},"content":{"rendered":"\n<p>O Minist\u00e9rio da Educa\u00e7\u00e3o (MEC) deve suspender a portaria que estipula o cronograma de implementa\u00e7\u00e3o do Novo Ensino M\u00e9dio. Com isso, n\u00e3o dever\u00e1 haver mudan\u00e7a no formato do&nbsp;Enem 2024, como previsto inicialmente. As mudan\u00e7as no Ensino M\u00e9dio vinham recebendo cr\u00edticas de professores e tamb\u00e9m dos alunos.<\/p>\n\n\n\n<p>O modelo do Novo Ensino M\u00e9dio, vigente h\u00e1 dois anos, promove altera\u00e7\u00f5es na grade curricular aumenta a carga hor\u00e1ria, d\u00e1 possibilidade para forma\u00e7\u00e3o t\u00e9cnica e profissional e estabelece a oferta de disciplinas optativas em todas as escolas do pa\u00eds.<\/p>\n\n\n\n<p>O ministro da Educa\u00e7\u00e3o, Camilo Santana, tamb\u00e9m faz outra altera\u00e7\u00e3o importante no setor. A proibi\u00e7\u00e3o da abertura de novos cursos de medicina no Brasil em vigor desde 2018, vai deixar de valer nesta quarta-feira, dia 5 de abril. A ideia inicial do governo \u00e9 permitir a cria\u00e7\u00e3o de vagas somente nas regi\u00f5es onde faltam m\u00e9dicos, segundo o ministro da Educa\u00e7\u00e3o, Camilo Santana.<\/p>\n\n\n\n<p>A proibi\u00e7\u00e3o estabelecida durante o governo do ex-presidente Michel Temer era uma tentativa de controlar a qualidade da forma\u00e7\u00e3o de profissionais de sa\u00fade, ap\u00f3s um \u201cboom\u201d no surgimento de faculdades privadas.<\/p>\n\n\n\n<figure class=\"wp-block-image size-full\"><img loading=\"lazy\" decoding=\"async\" width=\"738\" height=\"415\" src=\"https:\/\/blogdorogeriogomes.com.br\/wp-content\/uploads\/2023\/04\/images-16.jpeg\" alt=\"\" class=\"wp-image-28862\" srcset=\"https:\/\/blogdorogeriogomes.com.br\/noticias\/wp-content\/uploads\/2023\/04\/images-16.jpeg 738w, https:\/\/blogdorogeriogomes.com.br\/noticias\/wp-content\/uploads\/2023\/04\/images-16-300x169.jpeg 300w\" sizes=\"auto, (max-width: 738px) 100vw, 738px\" \/><\/figure>\n","protected":false},"excerpt":{"rendered":"<p>O Minist\u00e9rio da Educa\u00e7\u00e3o (MEC) deve suspender a portaria que estipula o cronograma de implementa\u00e7\u00e3o do Novo Ensino M\u00e9dio. Com isso, n\u00e3o dever\u00e1 haver mudan\u00e7a no formato do&nbsp;Enem 2024, como previsto inicialmente. As mudan\u00e7as no Ensino M\u00e9dio vinham recebendo cr\u00edticas de professores e tamb\u00e9m dos alunos. O modelo do Novo Ensino M\u00e9dio, vigente h\u00e1 dois anos, promove altera\u00e7\u00f5es na grade curricular aumenta a carga hor\u00e1ria, d\u00e1 possibilidade para forma\u00e7\u00e3o t\u00e9cnica e profissional e estabelece a oferta de disciplinas optativas&hellip;<\/p>\n","protected":false},"author":1,"featured_media":28862,"comment_status":"open","ping_status":"open","sticky":false,"template":"","format":"standard","meta":{"footnotes":""},"categories":[1],"tags":[],"class_list":["post-28861","post","type-post","status-publish","format-standard","has-post-thumbnail","hentry","category-noticias"],"_links":{"self":[{"href":"https:\/\/blogdorogeriogomes.com.br\/noticias\/wp-json\/wp\/v2\/posts\/28861","targetHints":{"allow":["GET"]}}],"collection":[{"href":"https:\/\/blogdorogeriogomes.com.br\/noticias\/wp-json\/wp\/v2\/posts"}],"about":[{"href":"https:\/\/blogdorogeriogomes.com.br\/noticias\/wp-json\/wp\/v2\/types\/post"}],"author":[{"embeddable":true,"href":"https:\/\/blogdorogeriogomes.com.br\/noticias\/wp-json\/wp\/v2\/users\/1"}],"replies":[{"embeddable":true,"href":"https:\/\/blogdorogeriogomes.com.br\/noticias\/wp-json\/wp\/v2\/comments?post=28861"}],"version-history":[{"count":2,"href":"https:\/\/blogdorogeriogomes.com.br\/noticias\/wp-json\/wp\/v2\/posts\/28861\/revisions"}],"predecessor-version":[{"id":28887,"href":"https:\/\/blogdorogeriogomes.com.br\/noticias\/wp-json\/wp\/v2\/posts\/28861\/revisions\/28887"}],"wp:featuredmedia":[{"embeddable":true,"href":"https:\/\/blogdorogeriogomes.com.br\/noticias\/wp-json\/wp\/v2\/media\/28862"}],"wp:attachment":[{"href":"https:\/\/blogdorogeriogomes.com.br\/noticias\/wp-json\/wp\/v2\/media?parent=28861"}],"wp:term":[{"taxonomy":"category","embeddable":true,"href":"https:\/\/blogdorogeriogomes.com.br\/noticias\/wp-json\/wp\/v2\/categories?post=28861"},{"taxonomy":"post_tag","embeddable":true,"href":"https:\/\/blogdorogeriogomes.com.br\/noticias\/wp-json\/wp\/v2\/tags?post=28861"}],"curies":[{"name":"wp","href":"https:\/\/api.w.org\/{rel}","templated":true}]}}