{"id":28864,"date":"2023-04-04T09:59:38","date_gmt":"2023-04-04T09:59:38","guid":{"rendered":"https:\/\/blogdorogeriogomes.com.br\/?p=28864"},"modified":"2023-04-06T15:11:04","modified_gmt":"2023-04-06T15:11:04","slug":"seis-pessoas-morreram-no-ceara-por-causa-das-chuvas-de-2023","status":"publish","type":"post","link":"https:\/\/blogdorogeriogomes.com.br\/noticias\/2023\/04\/seis-pessoas-morreram-no-ceara-por-causa-das-chuvas-de-2023\/","title":{"rendered":"Seis pessoas morreram no Cear\u00e1 por causa das chuvas de 2023"},"content":{"rendered":"\n<p>Seis pessoas morreram em decorr\u00eancia das chuvas registradas no Cear\u00e1 desde o m\u00eas de mar\u00e7o. Os \u00f3bitos ocorreram nas cidades de Aratuba (3), Porteiras (1), Piquet Carneiro (1) e Solon\u00f3pole (1). As informa\u00e7\u00f5es s\u00e3o do boletim do Governo do Estado.<\/p>\n\n\n\n<p>Al\u00e9m dos mortos, o Estado contabilizou 26 feridos e 2.945 pessoas desabrigadas ou desalojadas. Quinze munic\u00edpios decretaram emerg\u00eancia, e a cidade de Milh\u00e3 est\u00e1 em situa\u00e7\u00e3o de calamidade por conta das chuvas.<\/p>\n\n\n\n<p>Os munic\u00edpios em situa\u00e7\u00e3o de emerg\u00eancia s\u00e3o: Altaneira, Miss\u00e3o Velha, Aratuba, Antonina do Norte, Guaramiranga, Itapipoca, Uruburetama, Tururu, Porteiras, Itapaj\u00e9, Umirim, Pedra Branca, Senador Pompeu, Deputado Irapuan Pinheiro e Lavras da Mangabeira.<\/p>\n\n\n\n<figure class=\"wp-block-image size-large\"><img loading=\"lazy\" decoding=\"async\" width=\"1024\" height=\"576\" src=\"https:\/\/blogdorogeriogomes.com.br\/wp-content\/uploads\/2023\/04\/whatsapp-image-2023-03-16-at-15.36.53-2--1024x576.jpeg\" alt=\"\" class=\"wp-image-28865\" srcset=\"https:\/\/blogdorogeriogomes.com.br\/noticias\/wp-content\/uploads\/2023\/04\/whatsapp-image-2023-03-16-at-15.36.53-2--1024x576.jpeg 1024w, https:\/\/blogdorogeriogomes.com.br\/noticias\/wp-content\/uploads\/2023\/04\/whatsapp-image-2023-03-16-at-15.36.53-2--300x169.jpeg 300w, https:\/\/blogdorogeriogomes.com.br\/noticias\/wp-content\/uploads\/2023\/04\/whatsapp-image-2023-03-16-at-15.36.53-2--768x432.jpeg 768w, https:\/\/blogdorogeriogomes.com.br\/noticias\/wp-content\/uploads\/2023\/04\/whatsapp-image-2023-03-16-at-15.36.53-2--800x450.jpeg 800w, https:\/\/blogdorogeriogomes.com.br\/noticias\/wp-content\/uploads\/2023\/04\/whatsapp-image-2023-03-16-at-15.36.53-2-.jpeg 1080w\" sizes=\"auto, (max-width: 1024px) 100vw, 1024px\" \/><\/figure>\n","protected":false},"excerpt":{"rendered":"<p>Seis pessoas morreram em decorr\u00eancia das chuvas registradas no Cear\u00e1 desde o m\u00eas de mar\u00e7o. Os \u00f3bitos ocorreram nas cidades de Aratuba (3), Porteiras (1), Piquet Carneiro (1) e Solon\u00f3pole (1). As informa\u00e7\u00f5es s\u00e3o do boletim do Governo do Estado. Al\u00e9m dos mortos, o Estado contabilizou 26 feridos e 2.945 pessoas desabrigadas ou desalojadas. Quinze munic\u00edpios decretaram emerg\u00eancia, e a cidade de Milh\u00e3 est\u00e1 em situa\u00e7\u00e3o de calamidade por conta das chuvas. Os munic\u00edpios em situa\u00e7\u00e3o de emerg\u00eancia s\u00e3o:&hellip;<\/p>\n","protected":false},"author":1,"featured_media":28865,"comment_status":"open","ping_status":"open","sticky":false,"template":"","format":"standard","meta":{"footnotes":""},"categories":[1],"tags":[],"class_list":["post-28864","post","type-post","status-publish","format-standard","has-post-thumbnail","hentry","category-noticias"],"_links":{"self":[{"href":"https:\/\/blogdorogeriogomes.com.br\/noticias\/wp-json\/wp\/v2\/posts\/28864","targetHints":{"allow":["GET"]}}],"collection":[{"href":"https:\/\/blogdorogeriogomes.com.br\/noticias\/wp-json\/wp\/v2\/posts"}],"about":[{"href":"https:\/\/blogdorogeriogomes.com.br\/noticias\/wp-json\/wp\/v2\/types\/post"}],"author":[{"embeddable":true,"href":"https:\/\/blogdorogeriogomes.com.br\/noticias\/wp-json\/wp\/v2\/users\/1"}],"replies":[{"embeddable":true,"href":"https:\/\/blogdorogeriogomes.com.br\/noticias\/wp-json\/wp\/v2\/comments?post=28864"}],"version-history":[{"count":1,"href":"https:\/\/blogdorogeriogomes.com.br\/noticias\/wp-json\/wp\/v2\/posts\/28864\/revisions"}],"predecessor-version":[{"id":28866,"href":"https:\/\/blogdorogeriogomes.com.br\/noticias\/wp-json\/wp\/v2\/posts\/28864\/revisions\/28866"}],"wp:featuredmedia":[{"embeddable":true,"href":"https:\/\/blogdorogeriogomes.com.br\/noticias\/wp-json\/wp\/v2\/media\/28865"}],"wp:attachment":[{"href":"https:\/\/blogdorogeriogomes.com.br\/noticias\/wp-json\/wp\/v2\/media?parent=28864"}],"wp:term":[{"taxonomy":"category","embeddable":true,"href":"https:\/\/blogdorogeriogomes.com.br\/noticias\/wp-json\/wp\/v2\/categories?post=28864"},{"taxonomy":"post_tag","embeddable":true,"href":"https:\/\/blogdorogeriogomes.com.br\/noticias\/wp-json\/wp\/v2\/tags?post=28864"}],"curies":[{"name":"wp","href":"https:\/\/api.w.org\/{rel}","templated":true}]}}