{"id":28867,"date":"2023-04-05T07:50:26","date_gmt":"2023-04-05T07:50:26","guid":{"rendered":"https:\/\/blogdorogeriogomes.com.br\/?p=28867"},"modified":"2023-04-06T15:10:56","modified_gmt":"2023-04-06T15:10:56","slug":"assembleia-aprova-projeto-que-incorpora-funsaude-e-do-novo-piso-salarial-dos-agentes-comunitarios","status":"publish","type":"post","link":"https:\/\/blogdorogeriogomes.com.br\/noticias\/2023\/04\/assembleia-aprova-projeto-que-incorpora-funsaude-e-do-novo-piso-salarial-dos-agentes-comunitarios\/","title":{"rendered":"Assembleia aprova projeto que incorpora Funsa\u00fade e do novo piso salarial dos agentes comunit\u00e1rios"},"content":{"rendered":"\n<p>A Assembleia Legislativa do Cear\u00e1 aprovou, nesta ter\u00e7a-feira, dia 4 de abril, projeto do Governo do Estado que incorpora a Funda\u00e7\u00e3o Regional de Sa\u00fade (Funsa\u00fade) \u00e0 Secretaria da Sa\u00fade do Cear\u00e1 (Sesa). Com isso, a Sesa assume as compet\u00eancias da Funda\u00e7\u00e3o, que ser\u00e1 extinta, e os j\u00e1 convocados e os aprovados no concurso da Funsa\u00fade, realizado em 2021, v\u00e3o passar por mudan\u00e7as no regime de contrata\u00e7\u00e3o. Todos os 46 deputados da Casa participaram da vota\u00e7\u00e3o.&nbsp;<\/p>\n\n\n\n<p>Tamb\u00e9m foi aprovado o projeto de lei que prev\u00ea o&nbsp;piso salarial dos agentes comunit\u00e1rios de sa\u00fade vinculados ao Governo do Cear\u00e1. A proposta determina que o piso para a categoria ser\u00e1 de R$ 2.604,00, valendo a partir de janeiro de 2023, e R$ 2.640,00 a partir de maio de 2023.<br><\/p>\n\n\n\n<figure class=\"wp-block-image size-large\"><img loading=\"lazy\" decoding=\"async\" width=\"1024\" height=\"683\" src=\"https:\/\/blogdorogeriogomes.com.br\/wp-content\/uploads\/2023\/04\/ywRHeum30n8Ko312sicX0kY8YBK2IT22zr6QyLjS-1024x683.jpg\" alt=\"\" class=\"wp-image-28868\" srcset=\"https:\/\/blogdorogeriogomes.com.br\/noticias\/wp-content\/uploads\/2023\/04\/ywRHeum30n8Ko312sicX0kY8YBK2IT22zr6QyLjS-1024x683.jpg 1024w, https:\/\/blogdorogeriogomes.com.br\/noticias\/wp-content\/uploads\/2023\/04\/ywRHeum30n8Ko312sicX0kY8YBK2IT22zr6QyLjS-300x200.jpg 300w, https:\/\/blogdorogeriogomes.com.br\/noticias\/wp-content\/uploads\/2023\/04\/ywRHeum30n8Ko312sicX0kY8YBK2IT22zr6QyLjS-768x512.jpg 768w, https:\/\/blogdorogeriogomes.com.br\/noticias\/wp-content\/uploads\/2023\/04\/ywRHeum30n8Ko312sicX0kY8YBK2IT22zr6QyLjS-1536x1024.jpg 1536w, https:\/\/blogdorogeriogomes.com.br\/noticias\/wp-content\/uploads\/2023\/04\/ywRHeum30n8Ko312sicX0kY8YBK2IT22zr6QyLjS-2048x1365.jpg 2048w, https:\/\/blogdorogeriogomes.com.br\/noticias\/wp-content\/uploads\/2023\/04\/ywRHeum30n8Ko312sicX0kY8YBK2IT22zr6QyLjS-800x533.jpg 800w\" sizes=\"auto, (max-width: 1024px) 100vw, 1024px\" \/><\/figure>\n\n\n\n<p><br><\/p>\n","protected":false},"excerpt":{"rendered":"<p>A Assembleia Legislativa do Cear\u00e1 aprovou, nesta ter\u00e7a-feira, dia 4 de abril, projeto do Governo do Estado que incorpora a Funda\u00e7\u00e3o Regional de Sa\u00fade (Funsa\u00fade) \u00e0 Secretaria da Sa\u00fade do Cear\u00e1 (Sesa). Com isso, a Sesa assume as compet\u00eancias da Funda\u00e7\u00e3o, que ser\u00e1 extinta, e os j\u00e1 convocados e os aprovados no concurso da Funsa\u00fade, realizado em 2021, v\u00e3o passar por mudan\u00e7as no regime de contrata\u00e7\u00e3o. Todos os 46 deputados da Casa participaram da vota\u00e7\u00e3o.&nbsp; Tamb\u00e9m foi aprovado o&hellip;<\/p>\n","protected":false},"author":1,"featured_media":28868,"comment_status":"open","ping_status":"open","sticky":false,"template":"","format":"standard","meta":{"footnotes":""},"categories":[1],"tags":[],"class_list":["post-28867","post","type-post","status-publish","format-standard","has-post-thumbnail","hentry","category-noticias"],"_links":{"self":[{"href":"https:\/\/blogdorogeriogomes.com.br\/noticias\/wp-json\/wp\/v2\/posts\/28867","targetHints":{"allow":["GET"]}}],"collection":[{"href":"https:\/\/blogdorogeriogomes.com.br\/noticias\/wp-json\/wp\/v2\/posts"}],"about":[{"href":"https:\/\/blogdorogeriogomes.com.br\/noticias\/wp-json\/wp\/v2\/types\/post"}],"author":[{"embeddable":true,"href":"https:\/\/blogdorogeriogomes.com.br\/noticias\/wp-json\/wp\/v2\/users\/1"}],"replies":[{"embeddable":true,"href":"https:\/\/blogdorogeriogomes.com.br\/noticias\/wp-json\/wp\/v2\/comments?post=28867"}],"version-history":[{"count":2,"href":"https:\/\/blogdorogeriogomes.com.br\/noticias\/wp-json\/wp\/v2\/posts\/28867\/revisions"}],"predecessor-version":[{"id":28886,"href":"https:\/\/blogdorogeriogomes.com.br\/noticias\/wp-json\/wp\/v2\/posts\/28867\/revisions\/28886"}],"wp:featuredmedia":[{"embeddable":true,"href":"https:\/\/blogdorogeriogomes.com.br\/noticias\/wp-json\/wp\/v2\/media\/28868"}],"wp:attachment":[{"href":"https:\/\/blogdorogeriogomes.com.br\/noticias\/wp-json\/wp\/v2\/media?parent=28867"}],"wp:term":[{"taxonomy":"category","embeddable":true,"href":"https:\/\/blogdorogeriogomes.com.br\/noticias\/wp-json\/wp\/v2\/categories?post=28867"},{"taxonomy":"post_tag","embeddable":true,"href":"https:\/\/blogdorogeriogomes.com.br\/noticias\/wp-json\/wp\/v2\/tags?post=28867"}],"curies":[{"name":"wp","href":"https:\/\/api.w.org\/{rel}","templated":true}]}}