{"id":28870,"date":"2023-04-05T08:07:20","date_gmt":"2023-04-05T08:07:20","guid":{"rendered":"https:\/\/blogdorogeriogomes.com.br\/?p=28870"},"modified":"2023-04-06T15:10:45","modified_gmt":"2023-04-06T15:10:45","slug":"jair-bolsonaro-depoe-na-policia-federal-sobre-caso-das-joias-nesta-quarta-feira","status":"publish","type":"post","link":"https:\/\/blogdorogeriogomes.com.br\/noticias\/2023\/04\/jair-bolsonaro-depoe-na-policia-federal-sobre-caso-das-joias-nesta-quarta-feira\/","title":{"rendered":"Jair Bolsonaro dep\u00f5e na Pol\u00edcia Federal sobre caso das joias nesta quarta-feira"},"content":{"rendered":"\n<p>O ex-presidente Jair Bolsonaro (PL) ser\u00e1 ouvido pela Pol\u00edcia Federal sobre o caso das joias sauditas nesta quarta-feira, 5, de forma presencial em Bras\u00edlia. O depoimento deve ocorrer \u00e0s 14h30min.<\/p>\n\n\n\n<p>Mauro Cid, ex-ajudante de ordens da Presid\u00eancia da Rep\u00fablica, Marcelo C\u00e2mara, assessor de Bolsonaro, e o ex-chefe da Receita Federal, J\u00falio C\u00e9sar Vieira Gomes, tamb\u00e9m ir\u00e3o depor no mesmo dia do ex-presidente.<\/p>\n\n\n\n<p>O terceiro pacote de joias sauditas foi entregue em uma ag\u00eancia da Caixa pelos advogados da defesa do ex-presidente, nesta ter\u00e7a-feira, dia 4 de abril. A medida atende a uma exig\u00eancia do Tribunal de Contas da Uni\u00e3o (TCU).<\/p>\n\n\n\n<figure class=\"wp-block-image size-full\"><img loading=\"lazy\" decoding=\"async\" width=\"678\" height=\"452\" src=\"https:\/\/blogdorogeriogomes.com.br\/wp-content\/uploads\/2023\/04\/images-17.jpeg\" alt=\"\" class=\"wp-image-28871\" srcset=\"https:\/\/blogdorogeriogomes.com.br\/noticias\/wp-content\/uploads\/2023\/04\/images-17.jpeg 678w, https:\/\/blogdorogeriogomes.com.br\/noticias\/wp-content\/uploads\/2023\/04\/images-17-300x200.jpeg 300w\" sizes=\"auto, (max-width: 678px) 100vw, 678px\" \/><\/figure>\n\n\n\n<p><br><\/p>\n","protected":false},"excerpt":{"rendered":"<p>O ex-presidente Jair Bolsonaro (PL) ser\u00e1 ouvido pela Pol\u00edcia Federal sobre o caso das joias sauditas nesta quarta-feira, 5, de forma presencial em Bras\u00edlia. O depoimento deve ocorrer \u00e0s 14h30min. Mauro Cid, ex-ajudante de ordens da Presid\u00eancia da Rep\u00fablica, Marcelo C\u00e2mara, assessor de Bolsonaro, e o ex-chefe da Receita Federal, J\u00falio C\u00e9sar Vieira Gomes, tamb\u00e9m ir\u00e3o depor no mesmo dia do ex-presidente. O terceiro pacote de joias sauditas foi entregue em uma ag\u00eancia da Caixa pelos advogados da defesa&hellip;<\/p>\n","protected":false},"author":1,"featured_media":28871,"comment_status":"open","ping_status":"open","sticky":false,"template":"","format":"standard","meta":{"footnotes":""},"categories":[1],"tags":[],"class_list":["post-28870","post","type-post","status-publish","format-standard","has-post-thumbnail","hentry","category-noticias"],"_links":{"self":[{"href":"https:\/\/blogdorogeriogomes.com.br\/noticias\/wp-json\/wp\/v2\/posts\/28870","targetHints":{"allow":["GET"]}}],"collection":[{"href":"https:\/\/blogdorogeriogomes.com.br\/noticias\/wp-json\/wp\/v2\/posts"}],"about":[{"href":"https:\/\/blogdorogeriogomes.com.br\/noticias\/wp-json\/wp\/v2\/types\/post"}],"author":[{"embeddable":true,"href":"https:\/\/blogdorogeriogomes.com.br\/noticias\/wp-json\/wp\/v2\/users\/1"}],"replies":[{"embeddable":true,"href":"https:\/\/blogdorogeriogomes.com.br\/noticias\/wp-json\/wp\/v2\/comments?post=28870"}],"version-history":[{"count":1,"href":"https:\/\/blogdorogeriogomes.com.br\/noticias\/wp-json\/wp\/v2\/posts\/28870\/revisions"}],"predecessor-version":[{"id":28872,"href":"https:\/\/blogdorogeriogomes.com.br\/noticias\/wp-json\/wp\/v2\/posts\/28870\/revisions\/28872"}],"wp:featuredmedia":[{"embeddable":true,"href":"https:\/\/blogdorogeriogomes.com.br\/noticias\/wp-json\/wp\/v2\/media\/28871"}],"wp:attachment":[{"href":"https:\/\/blogdorogeriogomes.com.br\/noticias\/wp-json\/wp\/v2\/media?parent=28870"}],"wp:term":[{"taxonomy":"category","embeddable":true,"href":"https:\/\/blogdorogeriogomes.com.br\/noticias\/wp-json\/wp\/v2\/categories?post=28870"},{"taxonomy":"post_tag","embeddable":true,"href":"https:\/\/blogdorogeriogomes.com.br\/noticias\/wp-json\/wp\/v2\/tags?post=28870"}],"curies":[{"name":"wp","href":"https:\/\/api.w.org\/{rel}","templated":true}]}}