{"id":28873,"date":"2023-04-05T08:19:49","date_gmt":"2023-04-05T08:19:49","guid":{"rendered":"https:\/\/blogdorogeriogomes.com.br\/?p=28873"},"modified":"2023-04-06T15:10:37","modified_gmt":"2023-04-06T15:10:37","slug":"jose-sarto-anuncia-novo-secretario-de-planejamento-e-gestao-de-fortaleza","status":"publish","type":"post","link":"https:\/\/blogdorogeriogomes.com.br\/noticias\/2023\/04\/jose-sarto-anuncia-novo-secretario-de-planejamento-e-gestao-de-fortaleza\/","title":{"rendered":"Jos\u00e9 Sarto anuncia novo secret\u00e1rio de Planejamento e Gest\u00e3o de Fortaleza"},"content":{"rendered":"\n<p>O prefeito Jos\u00e9 Sarto anunciou nesta ter\u00e7a-feira, dia 4 de abril, que o auditor fiscal de carreira da Fazenda Estadual, Jo\u00e3o Marcos, \u00e9 o novo secret\u00e1rio municipal de Planejamento, Or\u00e7amento e Gest\u00e3o de Fortaleza. Ele fica no lugar de Marcelo Pinheiro, que ficou no cargo por mais de dois anos. <\/p>\n\n\n\n<p>De acordo com Sarto, Jo\u00e3o Marcos ser\u00e1 respons\u00e1vel por coordenar pol\u00edticas de todo o munic\u00edpio para gest\u00e3o de pessoas, aquisi\u00e7\u00f5es corporativas e log\u00edstica, gest\u00e3o do patrim\u00f4nio de bens m\u00f3veis e im\u00f3veis e ainda pela gest\u00e3o corporativa de tecnologia da Informa\u00e7\u00e3o.<\/p>\n\n\n\n<figure class=\"wp-block-image size-large\"><img loading=\"lazy\" decoding=\"async\" width=\"1024\" height=\"576\" src=\"https:\/\/blogdorogeriogomes.com.br\/wp-content\/uploads\/2023\/04\/photo4947333461048404148-1024x576.jpg\" alt=\"\" class=\"wp-image-28874\" srcset=\"https:\/\/blogdorogeriogomes.com.br\/noticias\/wp-content\/uploads\/2023\/04\/photo4947333461048404148-1024x576.jpg 1024w, https:\/\/blogdorogeriogomes.com.br\/noticias\/wp-content\/uploads\/2023\/04\/photo4947333461048404148-300x169.jpg 300w, https:\/\/blogdorogeriogomes.com.br\/noticias\/wp-content\/uploads\/2023\/04\/photo4947333461048404148-768x432.jpg 768w, https:\/\/blogdorogeriogomes.com.br\/noticias\/wp-content\/uploads\/2023\/04\/photo4947333461048404148-800x450.jpg 800w, https:\/\/blogdorogeriogomes.com.br\/noticias\/wp-content\/uploads\/2023\/04\/photo4947333461048404148.jpg 1080w\" sizes=\"auto, (max-width: 1024px) 100vw, 1024px\" \/><\/figure>\n","protected":false},"excerpt":{"rendered":"<p>O prefeito Jos\u00e9 Sarto anunciou nesta ter\u00e7a-feira, dia 4 de abril, que o auditor fiscal de carreira da Fazenda Estadual, Jo\u00e3o Marcos, \u00e9 o novo secret\u00e1rio municipal de Planejamento, Or\u00e7amento e Gest\u00e3o de Fortaleza. Ele fica no lugar de Marcelo Pinheiro, que ficou no cargo por mais de dois anos. De acordo com Sarto, Jo\u00e3o Marcos ser\u00e1 respons\u00e1vel por coordenar pol\u00edticas de todo o munic\u00edpio para gest\u00e3o de pessoas, aquisi\u00e7\u00f5es corporativas e log\u00edstica, gest\u00e3o do patrim\u00f4nio de bens m\u00f3veis&hellip;<\/p>\n","protected":false},"author":1,"featured_media":28874,"comment_status":"open","ping_status":"open","sticky":false,"template":"","format":"standard","meta":{"footnotes":""},"categories":[1],"tags":[],"class_list":["post-28873","post","type-post","status-publish","format-standard","has-post-thumbnail","hentry","category-noticias"],"_links":{"self":[{"href":"https:\/\/blogdorogeriogomes.com.br\/noticias\/wp-json\/wp\/v2\/posts\/28873","targetHints":{"allow":["GET"]}}],"collection":[{"href":"https:\/\/blogdorogeriogomes.com.br\/noticias\/wp-json\/wp\/v2\/posts"}],"about":[{"href":"https:\/\/blogdorogeriogomes.com.br\/noticias\/wp-json\/wp\/v2\/types\/post"}],"author":[{"embeddable":true,"href":"https:\/\/blogdorogeriogomes.com.br\/noticias\/wp-json\/wp\/v2\/users\/1"}],"replies":[{"embeddable":true,"href":"https:\/\/blogdorogeriogomes.com.br\/noticias\/wp-json\/wp\/v2\/comments?post=28873"}],"version-history":[{"count":1,"href":"https:\/\/blogdorogeriogomes.com.br\/noticias\/wp-json\/wp\/v2\/posts\/28873\/revisions"}],"predecessor-version":[{"id":28875,"href":"https:\/\/blogdorogeriogomes.com.br\/noticias\/wp-json\/wp\/v2\/posts\/28873\/revisions\/28875"}],"wp:featuredmedia":[{"embeddable":true,"href":"https:\/\/blogdorogeriogomes.com.br\/noticias\/wp-json\/wp\/v2\/media\/28874"}],"wp:attachment":[{"href":"https:\/\/blogdorogeriogomes.com.br\/noticias\/wp-json\/wp\/v2\/media?parent=28873"}],"wp:term":[{"taxonomy":"category","embeddable":true,"href":"https:\/\/blogdorogeriogomes.com.br\/noticias\/wp-json\/wp\/v2\/categories?post=28873"},{"taxonomy":"post_tag","embeddable":true,"href":"https:\/\/blogdorogeriogomes.com.br\/noticias\/wp-json\/wp\/v2\/tags?post=28873"}],"curies":[{"name":"wp","href":"https:\/\/api.w.org\/{rel}","templated":true}]}}