{"id":28893,"date":"2023-04-08T12:09:16","date_gmt":"2023-04-08T12:09:16","guid":{"rendered":"https:\/\/blogdorogeriogomes.com.br\/?p=28893"},"modified":"2023-04-10T15:59:28","modified_gmt":"2023-04-10T15:59:28","slug":"cinco-personalidades-de-fortaleza-sao-escolhidas-para-receber-medalha-iracema-no-dia-13","status":"publish","type":"post","link":"https:\/\/blogdorogeriogomes.com.br\/noticias\/2023\/04\/cinco-personalidades-de-fortaleza-sao-escolhidas-para-receber-medalha-iracema-no-dia-13\/","title":{"rendered":"Cinco personalidades de Fortaleza s\u00e3o escolhidas para receber Medalha Iracema no dia 13"},"content":{"rendered":"\n<p>A Prefeitura de Fortaleza anunciou os nomes escolhidos para receberem a Medalha Iracema, considerada a maior comenda concedida pela Capital. Ser\u00e3o agraciados o empreendedor, ativista, escritor, produtor cultural e musical, Preto Zez\u00e9; a professora universit\u00e1ria Luma Andrade; o pintor, desenhista e m\u00fasico Descartes Gadelha; o ex-senador e ex-governador Tasso Jereissati; e a ex-prefeita Maria Lu\u00edza Fontenele. <\/p>\n\n\n\n<p>A solenidade de entrega da Medalha Iracema ser\u00e1 realizada no anivers\u00e1rio de Fortaleza, que acontece na pr\u00f3xima quinta-feira, dia 13 de abril, a partir das 19 horas, no Teatro S\u00e3o Jos\u00e9.<\/p>\n\n\n\n<p>&#8220;Cada um dos escolhidos representa a for\u00e7a, coragem e diversidade do povo fortalezense e recebe a honraria em reconhecimento \u00e0 relevante contribui\u00e7\u00e3o em suas \u00e1reas de atua\u00e7\u00e3o e milit\u00e2ncia&#8221;, destacou o prefeito de Fortaleza, Jos\u00e9 Sarto (PDT).<\/p>\n\n\n\n<figure class=\"wp-block-image size-large\"><img loading=\"lazy\" decoding=\"async\" width=\"1024\" height=\"1024\" src=\"https:\/\/blogdorogeriogomes.com.br\/wp-content\/uploads\/2023\/04\/IMG-20230408-WA0017-1024x1024.jpg\" alt=\"\" class=\"wp-image-28894\" srcset=\"https:\/\/blogdorogeriogomes.com.br\/noticias\/wp-content\/uploads\/2023\/04\/IMG-20230408-WA0017-1024x1024.jpg 1024w, https:\/\/blogdorogeriogomes.com.br\/noticias\/wp-content\/uploads\/2023\/04\/IMG-20230408-WA0017-300x300.jpg 300w, https:\/\/blogdorogeriogomes.com.br\/noticias\/wp-content\/uploads\/2023\/04\/IMG-20230408-WA0017-150x150.jpg 150w, https:\/\/blogdorogeriogomes.com.br\/noticias\/wp-content\/uploads\/2023\/04\/IMG-20230408-WA0017-768x768.jpg 768w, https:\/\/blogdorogeriogomes.com.br\/noticias\/wp-content\/uploads\/2023\/04\/IMG-20230408-WA0017-800x800.jpg 800w, https:\/\/blogdorogeriogomes.com.br\/noticias\/wp-content\/uploads\/2023\/04\/IMG-20230408-WA0017-250x250.jpg 250w, https:\/\/blogdorogeriogomes.com.br\/noticias\/wp-content\/uploads\/2023\/04\/IMG-20230408-WA0017.jpg 1080w\" sizes=\"auto, (max-width: 1024px) 100vw, 1024px\" \/><\/figure>\n","protected":false},"excerpt":{"rendered":"<p>A Prefeitura de Fortaleza anunciou os nomes escolhidos para receberem a Medalha Iracema, considerada a maior comenda concedida pela Capital. Ser\u00e3o agraciados o empreendedor, ativista, escritor, produtor cultural e musical, Preto Zez\u00e9; a professora universit\u00e1ria Luma Andrade; o pintor, desenhista e m\u00fasico Descartes Gadelha; o ex-senador e ex-governador Tasso Jereissati; e a ex-prefeita Maria Lu\u00edza Fontenele. A solenidade de entrega da Medalha Iracema ser\u00e1 realizada no anivers\u00e1rio de Fortaleza, que acontece na pr\u00f3xima quinta-feira, dia 13 de abril, a&hellip;<\/p>\n","protected":false},"author":1,"featured_media":28894,"comment_status":"open","ping_status":"open","sticky":false,"template":"","format":"standard","meta":{"footnotes":""},"categories":[1],"tags":[],"class_list":["post-28893","post","type-post","status-publish","format-standard","has-post-thumbnail","hentry","category-noticias"],"_links":{"self":[{"href":"https:\/\/blogdorogeriogomes.com.br\/noticias\/wp-json\/wp\/v2\/posts\/28893","targetHints":{"allow":["GET"]}}],"collection":[{"href":"https:\/\/blogdorogeriogomes.com.br\/noticias\/wp-json\/wp\/v2\/posts"}],"about":[{"href":"https:\/\/blogdorogeriogomes.com.br\/noticias\/wp-json\/wp\/v2\/types\/post"}],"author":[{"embeddable":true,"href":"https:\/\/blogdorogeriogomes.com.br\/noticias\/wp-json\/wp\/v2\/users\/1"}],"replies":[{"embeddable":true,"href":"https:\/\/blogdorogeriogomes.com.br\/noticias\/wp-json\/wp\/v2\/comments?post=28893"}],"version-history":[{"count":1,"href":"https:\/\/blogdorogeriogomes.com.br\/noticias\/wp-json\/wp\/v2\/posts\/28893\/revisions"}],"predecessor-version":[{"id":28895,"href":"https:\/\/blogdorogeriogomes.com.br\/noticias\/wp-json\/wp\/v2\/posts\/28893\/revisions\/28895"}],"wp:featuredmedia":[{"embeddable":true,"href":"https:\/\/blogdorogeriogomes.com.br\/noticias\/wp-json\/wp\/v2\/media\/28894"}],"wp:attachment":[{"href":"https:\/\/blogdorogeriogomes.com.br\/noticias\/wp-json\/wp\/v2\/media?parent=28893"}],"wp:term":[{"taxonomy":"category","embeddable":true,"href":"https:\/\/blogdorogeriogomes.com.br\/noticias\/wp-json\/wp\/v2\/categories?post=28893"},{"taxonomy":"post_tag","embeddable":true,"href":"https:\/\/blogdorogeriogomes.com.br\/noticias\/wp-json\/wp\/v2\/tags?post=28893"}],"curies":[{"name":"wp","href":"https:\/\/api.w.org\/{rel}","templated":true}]}}