{"id":28896,"date":"2023-04-08T12:19:35","date_gmt":"2023-04-08T12:19:35","guid":{"rendered":"https:\/\/blogdorogeriogomes.com.br\/?p=28896"},"modified":"2023-04-10T15:59:21","modified_gmt":"2023-04-10T15:59:21","slug":"feriadao-da-pascoa-movimenta-cerca-de-r-400-milhoes-no-ceara-ate-este-domingo","status":"publish","type":"post","link":"https:\/\/blogdorogeriogomes.com.br\/noticias\/2023\/04\/feriadao-da-pascoa-movimenta-cerca-de-r-400-milhoes-no-ceara-ate-este-domingo\/","title":{"rendered":"Feriad\u00e3o da P\u00e1scoa movimenta cerca de R$ 400 milh\u00f5es no Cear\u00e1 at\u00e9 este domingo"},"content":{"rendered":"\n<p>O Feriad\u00e3o da P\u00e1scoa movimenta a economia de Fortaleza e de outras cidades tur\u00edsticas do Cear\u00e1. O fluxo de turistas at\u00e9 este domingo, dia 9 de abril, \u00e9 de aproximadamente 200 mil pessoas.<\/p>\n\n\n\n<p>Na economia estadual, a Secretaria do Turismo do Cear\u00e1 (Setur) estima um impacto em torno de R$ 400 milh\u00f5es de renda gerada em toda cadeia produtiva do turismo, apresentando um crescimento superior a 25% em rela\u00e7\u00e3o ao mesmo per\u00edodo de 2022.<\/p>\n\n\n\n<p>Em rela\u00e7\u00e3o aos locais mais procurados pelos turistas, o levantamento da Setur aponta as serras da Ibiapaba e Maci\u00e7o de Baturit\u00e9 como destaque, seguidas pelo litoral de Flecheiras\/Munda\u00fa, Porto das Dunas, Cumbuco e Jericoacoara.<\/p>\n\n\n\n<figure class=\"wp-block-image size-full\"><img loading=\"lazy\" decoding=\"async\" width=\"642\" height=\"477\" src=\"https:\/\/blogdorogeriogomes.com.br\/wp-content\/uploads\/2023\/04\/images-18.jpeg\" alt=\"\" class=\"wp-image-28897\" srcset=\"https:\/\/blogdorogeriogomes.com.br\/noticias\/wp-content\/uploads\/2023\/04\/images-18.jpeg 642w, https:\/\/blogdorogeriogomes.com.br\/noticias\/wp-content\/uploads\/2023\/04\/images-18-300x223.jpeg 300w\" sizes=\"auto, (max-width: 642px) 100vw, 642px\" \/><\/figure>\n","protected":false},"excerpt":{"rendered":"<p>O Feriad\u00e3o da P\u00e1scoa movimenta a economia de Fortaleza e de outras cidades tur\u00edsticas do Cear\u00e1. O fluxo de turistas at\u00e9 este domingo, dia 9 de abril, \u00e9 de aproximadamente 200 mil pessoas. Na economia estadual, a Secretaria do Turismo do Cear\u00e1 (Setur) estima um impacto em torno de R$ 400 milh\u00f5es de renda gerada em toda cadeia produtiva do turismo, apresentando um crescimento superior a 25% em rela\u00e7\u00e3o ao mesmo per\u00edodo de 2022. Em rela\u00e7\u00e3o aos locais mais&hellip;<\/p>\n","protected":false},"author":1,"featured_media":28897,"comment_status":"open","ping_status":"open","sticky":false,"template":"","format":"standard","meta":{"footnotes":""},"categories":[1],"tags":[],"class_list":["post-28896","post","type-post","status-publish","format-standard","has-post-thumbnail","hentry","category-noticias"],"_links":{"self":[{"href":"https:\/\/blogdorogeriogomes.com.br\/noticias\/wp-json\/wp\/v2\/posts\/28896","targetHints":{"allow":["GET"]}}],"collection":[{"href":"https:\/\/blogdorogeriogomes.com.br\/noticias\/wp-json\/wp\/v2\/posts"}],"about":[{"href":"https:\/\/blogdorogeriogomes.com.br\/noticias\/wp-json\/wp\/v2\/types\/post"}],"author":[{"embeddable":true,"href":"https:\/\/blogdorogeriogomes.com.br\/noticias\/wp-json\/wp\/v2\/users\/1"}],"replies":[{"embeddable":true,"href":"https:\/\/blogdorogeriogomes.com.br\/noticias\/wp-json\/wp\/v2\/comments?post=28896"}],"version-history":[{"count":1,"href":"https:\/\/blogdorogeriogomes.com.br\/noticias\/wp-json\/wp\/v2\/posts\/28896\/revisions"}],"predecessor-version":[{"id":28898,"href":"https:\/\/blogdorogeriogomes.com.br\/noticias\/wp-json\/wp\/v2\/posts\/28896\/revisions\/28898"}],"wp:featuredmedia":[{"embeddable":true,"href":"https:\/\/blogdorogeriogomes.com.br\/noticias\/wp-json\/wp\/v2\/media\/28897"}],"wp:attachment":[{"href":"https:\/\/blogdorogeriogomes.com.br\/noticias\/wp-json\/wp\/v2\/media?parent=28896"}],"wp:term":[{"taxonomy":"category","embeddable":true,"href":"https:\/\/blogdorogeriogomes.com.br\/noticias\/wp-json\/wp\/v2\/categories?post=28896"},{"taxonomy":"post_tag","embeddable":true,"href":"https:\/\/blogdorogeriogomes.com.br\/noticias\/wp-json\/wp\/v2\/tags?post=28896"}],"curies":[{"name":"wp","href":"https:\/\/api.w.org\/{rel}","templated":true}]}}