{"id":28899,"date":"2023-04-08T12:48:52","date_gmt":"2023-04-08T12:48:52","guid":{"rendered":"https:\/\/blogdorogeriogomes.com.br\/?p=28899"},"modified":"2023-04-10T15:59:12","modified_gmt":"2023-04-10T15:59:12","slug":"comitiva-de-lula-para-a-china-tera-presidente-do-senado-e-parlamentares-cearenses","status":"publish","type":"post","link":"https:\/\/blogdorogeriogomes.com.br\/noticias\/2023\/04\/comitiva-de-lula-para-a-china-tera-presidente-do-senado-e-parlamentares-cearenses\/","title":{"rendered":"Comitiva de Lula para a China ter\u00e1 presidente do Senado e parlamentares cearenses"},"content":{"rendered":"\n<p>O embarque do presidente Lula (PT) para a China deve acontecer nesta ter\u00e7a-feira, dia 11 de abril. O petista adiou a viagem anterior que aconteceria no m\u00eas passado por causa de uma pneumonia. O presidente do Senado, Rodrigo Pacheco, est\u00e1 confirmado na comitiva, mas o presidente da C\u00e2mara dos Deputados, Arthur Lira, n\u00e3o vai. Lira foi submetido a uma cirurgia na \u00faltima quarta-feira, dia 5, para corre\u00e7\u00e3o de uma h\u00e9rnia umbilical e recebeu alta nesta quinta-feira, dia 6.&nbsp;<\/p>\n\n\n\n<p>H\u00e1 uma lista de 39 congressistas convidados para a viagem de neg\u00f3cios \u00e0 China, onde constam parlamentares cearenses como a senadora Augusta Brito (PT) e os deputados federais Jos\u00e9 Guimar\u00e3es (PT), Andr\u00e9 Figueiredo (PDT) e AJ Albuquerque (PP).<\/p>\n\n\n\n<p>O encontro de Lula com o presidente chin\u00eas, Xi Jinping, est\u00e1 previsto para sexta-feira, dia 14 de abril. O grupo deve deixar o pa\u00eds asi\u00e1tico em 15 de abril.<\/p>\n\n\n\n<p>A expectativa \u00e9 de que, no mesmo dia, Lula desembarque nos Emirados \u00c1rabes, onde deve se reunir com fundos soberanos para investimento na infraestrutura brasileira. O petista deve pousar no Brasil no dia 16 de abril.<\/p>\n\n\n\n<figure class=\"wp-block-image size-full\"><img loading=\"lazy\" decoding=\"async\" width=\"1024\" height=\"682\" src=\"https:\/\/blogdorogeriogomes.com.br\/wp-content\/uploads\/2023\/04\/IMG-20230408-WA0021.jpg\" alt=\"\" class=\"wp-image-28900\" srcset=\"https:\/\/blogdorogeriogomes.com.br\/noticias\/wp-content\/uploads\/2023\/04\/IMG-20230408-WA0021.jpg 1024w, https:\/\/blogdorogeriogomes.com.br\/noticias\/wp-content\/uploads\/2023\/04\/IMG-20230408-WA0021-300x200.jpg 300w, https:\/\/blogdorogeriogomes.com.br\/noticias\/wp-content\/uploads\/2023\/04\/IMG-20230408-WA0021-768x512.jpg 768w, https:\/\/blogdorogeriogomes.com.br\/noticias\/wp-content\/uploads\/2023\/04\/IMG-20230408-WA0021-800x533.jpg 800w\" sizes=\"auto, (max-width: 1024px) 100vw, 1024px\" \/><\/figure>\n","protected":false},"excerpt":{"rendered":"<p>O embarque do presidente Lula (PT) para a China deve acontecer nesta ter\u00e7a-feira, dia 11 de abril. O petista adiou a viagem anterior que aconteceria no m\u00eas passado por causa de uma pneumonia. O presidente do Senado, Rodrigo Pacheco, est\u00e1 confirmado na comitiva, mas o presidente da C\u00e2mara dos Deputados, Arthur Lira, n\u00e3o vai. Lira foi submetido a uma cirurgia na \u00faltima quarta-feira, dia 5, para corre\u00e7\u00e3o de uma h\u00e9rnia umbilical e recebeu alta nesta quinta-feira, dia 6.&nbsp; H\u00e1&hellip;<\/p>\n","protected":false},"author":1,"featured_media":28900,"comment_status":"open","ping_status":"open","sticky":false,"template":"","format":"standard","meta":{"footnotes":""},"categories":[1],"tags":[],"class_list":["post-28899","post","type-post","status-publish","format-standard","has-post-thumbnail","hentry","category-noticias"],"_links":{"self":[{"href":"https:\/\/blogdorogeriogomes.com.br\/noticias\/wp-json\/wp\/v2\/posts\/28899","targetHints":{"allow":["GET"]}}],"collection":[{"href":"https:\/\/blogdorogeriogomes.com.br\/noticias\/wp-json\/wp\/v2\/posts"}],"about":[{"href":"https:\/\/blogdorogeriogomes.com.br\/noticias\/wp-json\/wp\/v2\/types\/post"}],"author":[{"embeddable":true,"href":"https:\/\/blogdorogeriogomes.com.br\/noticias\/wp-json\/wp\/v2\/users\/1"}],"replies":[{"embeddable":true,"href":"https:\/\/blogdorogeriogomes.com.br\/noticias\/wp-json\/wp\/v2\/comments?post=28899"}],"version-history":[{"count":2,"href":"https:\/\/blogdorogeriogomes.com.br\/noticias\/wp-json\/wp\/v2\/posts\/28899\/revisions"}],"predecessor-version":[{"id":28909,"href":"https:\/\/blogdorogeriogomes.com.br\/noticias\/wp-json\/wp\/v2\/posts\/28899\/revisions\/28909"}],"wp:featuredmedia":[{"embeddable":true,"href":"https:\/\/blogdorogeriogomes.com.br\/noticias\/wp-json\/wp\/v2\/media\/28900"}],"wp:attachment":[{"href":"https:\/\/blogdorogeriogomes.com.br\/noticias\/wp-json\/wp\/v2\/media?parent=28899"}],"wp:term":[{"taxonomy":"category","embeddable":true,"href":"https:\/\/blogdorogeriogomes.com.br\/noticias\/wp-json\/wp\/v2\/categories?post=28899"},{"taxonomy":"post_tag","embeddable":true,"href":"https:\/\/blogdorogeriogomes.com.br\/noticias\/wp-json\/wp\/v2\/tags?post=28899"}],"curies":[{"name":"wp","href":"https:\/\/api.w.org\/{rel}","templated":true}]}}