{"id":28902,"date":"2023-04-10T10:55:24","date_gmt":"2023-04-10T10:55:24","guid":{"rendered":"https:\/\/blogdorogeriogomes.com.br\/?p=28902"},"modified":"2023-04-10T15:59:05","modified_gmt":"2023-04-10T15:59:05","slug":"governo-do-ceara-lanca-mutirao-estadual-para-realizacao-de-cirurgias-eletivas","status":"publish","type":"post","link":"https:\/\/blogdorogeriogomes.com.br\/noticias\/2023\/04\/governo-do-ceara-lanca-mutirao-estadual-para-realizacao-de-cirurgias-eletivas\/","title":{"rendered":"Governo do Cear\u00e1 lan\u00e7a mutir\u00e3o estadual para realiza\u00e7\u00e3o de cirurgias eletivas"},"content":{"rendered":"\n<p>O governador do Cear\u00e1, Elmano de Freitas, e a secret\u00e1ria da Sa\u00fade do Estado, T\u00e2nia Mara Coelho, lan\u00e7am nesta segunda-feira, dia 10 de abril, o mutir\u00e3o estadual para realiza\u00e7\u00e3o de cirurgias eletivas. Os primeiros procedimentos ser\u00e3o feitos no Hospital Municipal de S\u00e3o Benedito, na regi\u00e3o da Ibiapaba.<\/p>\n\n\n\n<p>A iniciativa, prevista em lei pelo Plano Estadual de Redu\u00e7\u00e3o das Filas de Cirurgias Eletivas, Exames Complementares e Consultas Especializadas na rede p\u00fablica de Sa\u00fade, \u00e9 realizada por meio de credenciamento de entidades com ou sem fins lucrativos.<\/p>\n\n\n\n<p>Cl\u00ednicas, hospitais-polo, hospitais municipais, em conv\u00eanio com o governo estadual, e outros equipamentos de sa\u00fade se inscreveram por meio de chamamento p\u00fablico. As especialidades contempladas s\u00e3o: Oftalmologia, Ortopedia, Otorrinolaringologia, Cirurgia Geral, Gastroenterologia, Ginecologia, Urologia, Nefrologia, Neurologia e Vascular.<\/p>\n\n\n\n<figure class=\"wp-block-image size-full\"><img loading=\"lazy\" decoding=\"async\" width=\"677\" height=\"453\" src=\"https:\/\/blogdorogeriogomes.com.br\/wp-content\/uploads\/2023\/04\/images-19.jpeg\" alt=\"\" class=\"wp-image-28903\" srcset=\"https:\/\/blogdorogeriogomes.com.br\/noticias\/wp-content\/uploads\/2023\/04\/images-19.jpeg 677w, https:\/\/blogdorogeriogomes.com.br\/noticias\/wp-content\/uploads\/2023\/04\/images-19-300x201.jpeg 300w\" sizes=\"auto, (max-width: 677px) 100vw, 677px\" \/><\/figure>\n","protected":false},"excerpt":{"rendered":"<p>O governador do Cear\u00e1, Elmano de Freitas, e a secret\u00e1ria da Sa\u00fade do Estado, T\u00e2nia Mara Coelho, lan\u00e7am nesta segunda-feira, dia 10 de abril, o mutir\u00e3o estadual para realiza\u00e7\u00e3o de cirurgias eletivas. Os primeiros procedimentos ser\u00e3o feitos no Hospital Municipal de S\u00e3o Benedito, na regi\u00e3o da Ibiapaba. A iniciativa, prevista em lei pelo Plano Estadual de Redu\u00e7\u00e3o das Filas de Cirurgias Eletivas, Exames Complementares e Consultas Especializadas na rede p\u00fablica de Sa\u00fade, \u00e9 realizada por meio de credenciamento de&hellip;<\/p>\n","protected":false},"author":1,"featured_media":28903,"comment_status":"open","ping_status":"open","sticky":false,"template":"","format":"standard","meta":{"footnotes":""},"categories":[1],"tags":[],"class_list":["post-28902","post","type-post","status-publish","format-standard","has-post-thumbnail","hentry","category-noticias"],"_links":{"self":[{"href":"https:\/\/blogdorogeriogomes.com.br\/noticias\/wp-json\/wp\/v2\/posts\/28902","targetHints":{"allow":["GET"]}}],"collection":[{"href":"https:\/\/blogdorogeriogomes.com.br\/noticias\/wp-json\/wp\/v2\/posts"}],"about":[{"href":"https:\/\/blogdorogeriogomes.com.br\/noticias\/wp-json\/wp\/v2\/types\/post"}],"author":[{"embeddable":true,"href":"https:\/\/blogdorogeriogomes.com.br\/noticias\/wp-json\/wp\/v2\/users\/1"}],"replies":[{"embeddable":true,"href":"https:\/\/blogdorogeriogomes.com.br\/noticias\/wp-json\/wp\/v2\/comments?post=28902"}],"version-history":[{"count":1,"href":"https:\/\/blogdorogeriogomes.com.br\/noticias\/wp-json\/wp\/v2\/posts\/28902\/revisions"}],"predecessor-version":[{"id":28904,"href":"https:\/\/blogdorogeriogomes.com.br\/noticias\/wp-json\/wp\/v2\/posts\/28902\/revisions\/28904"}],"wp:featuredmedia":[{"embeddable":true,"href":"https:\/\/blogdorogeriogomes.com.br\/noticias\/wp-json\/wp\/v2\/media\/28903"}],"wp:attachment":[{"href":"https:\/\/blogdorogeriogomes.com.br\/noticias\/wp-json\/wp\/v2\/media?parent=28902"}],"wp:term":[{"taxonomy":"category","embeddable":true,"href":"https:\/\/blogdorogeriogomes.com.br\/noticias\/wp-json\/wp\/v2\/categories?post=28902"},{"taxonomy":"post_tag","embeddable":true,"href":"https:\/\/blogdorogeriogomes.com.br\/noticias\/wp-json\/wp\/v2\/tags?post=28902"}],"curies":[{"name":"wp","href":"https:\/\/api.w.org\/{rel}","templated":true}]}}