{"id":28905,"date":"2023-04-10T12:07:16","date_gmt":"2023-04-10T12:07:16","guid":{"rendered":"https:\/\/blogdorogeriogomes.com.br\/?p=28905"},"modified":"2023-04-10T15:58:58","modified_gmt":"2023-04-10T15:58:58","slug":"campanha-nacional-de-vacinacao-contra-gripe-comeca-nesta-segunda-feira","status":"publish","type":"post","link":"https:\/\/blogdorogeriogomes.com.br\/noticias\/2023\/04\/campanha-nacional-de-vacinacao-contra-gripe-comeca-nesta-segunda-feira\/","title":{"rendered":"Campanha nacional de vacina\u00e7\u00e3o contra gripe come\u00e7a nesta segunda-feira"},"content":{"rendered":"\n<p>O Minist\u00e9rio da Sa\u00fade d\u00e1 in\u00edcio nesta segunda-feira, dia 10 de abril, a campanha de vacina\u00e7\u00e3o contra a gripe em todo o pa\u00eds, que ir\u00e1 ser realizada at\u00e9 o dia 31 de maio.<\/p>\n\n\n\n<p>De acordo com o minist\u00e9rio, nessa fase a campanha de imuniza\u00e7\u00e3o focar\u00e1 nos seguintes grupos priorit\u00e1rios: crian\u00e7as de 6 meses a menores de 6 anos de idade (5 anos, 11 meses e 29 dias), gestantes, pu\u00e9rperas, povos ind\u00edgenas, trabalhadores da sa\u00fade, idosos com 60 anos e mais, professores das escolas p\u00fablicas e privadas, pessoas com doen\u00e7as cr\u00f4nicas n\u00e3o transmiss\u00edveis e outras condi\u00e7\u00f5es cl\u00ednicas especiais, pessoas com defici\u00eancia permanente, profissionais das for\u00e7as de seguran\u00e7a e salvamento e das for\u00e7as armadas, caminhoneiros, trabalhadores de transporte coletivo rodovi\u00e1rio de passageiros urbano e de longo curso, trabalhadores portu\u00e1rios, funcion\u00e1rios do sistema prisional, adolescentes e jovens de 12 a 21 anos de idade sob medidas socioeducativas e toda a popula\u00e7\u00e3o privada de liberdade.<\/p>\n\n\n\n<p>Mais de 81 milh\u00f5es de pessoas em todo o Pa\u00eds fazem parte do p\u00fablico-alvo. A meta do Governo Federal \u00e9 vacinar pelo menos 90% das pessoas.<\/p>\n\n\n\n<figure class=\"wp-block-image size-full\"><img loading=\"lazy\" decoding=\"async\" width=\"1008\" height=\"672\" src=\"https:\/\/blogdorogeriogomes.com.br\/wp-content\/uploads\/2023\/04\/vacinacao-jiquia-foto-ikamaha.jpg\" alt=\"\" class=\"wp-image-28906\" srcset=\"https:\/\/blogdorogeriogomes.com.br\/noticias\/wp-content\/uploads\/2023\/04\/vacinacao-jiquia-foto-ikamaha.jpg 1008w, https:\/\/blogdorogeriogomes.com.br\/noticias\/wp-content\/uploads\/2023\/04\/vacinacao-jiquia-foto-ikamaha-300x200.jpg 300w, https:\/\/blogdorogeriogomes.com.br\/noticias\/wp-content\/uploads\/2023\/04\/vacinacao-jiquia-foto-ikamaha-768x512.jpg 768w, https:\/\/blogdorogeriogomes.com.br\/noticias\/wp-content\/uploads\/2023\/04\/vacinacao-jiquia-foto-ikamaha-800x533.jpg 800w\" sizes=\"auto, (max-width: 1008px) 100vw, 1008px\" \/><\/figure>\n","protected":false},"excerpt":{"rendered":"<p>O Minist\u00e9rio da Sa\u00fade d\u00e1 in\u00edcio nesta segunda-feira, dia 10 de abril, a campanha de vacina\u00e7\u00e3o contra a gripe em todo o pa\u00eds, que ir\u00e1 ser realizada at\u00e9 o dia 31 de maio. De acordo com o minist\u00e9rio, nessa fase a campanha de imuniza\u00e7\u00e3o focar\u00e1 nos seguintes grupos priorit\u00e1rios: crian\u00e7as de 6 meses a menores de 6 anos de idade (5 anos, 11 meses e 29 dias), gestantes, pu\u00e9rperas, povos ind\u00edgenas, trabalhadores da sa\u00fade, idosos com 60 anos e&hellip;<\/p>\n","protected":false},"author":1,"featured_media":28906,"comment_status":"open","ping_status":"open","sticky":false,"template":"","format":"standard","meta":{"footnotes":""},"categories":[1],"tags":[],"class_list":["post-28905","post","type-post","status-publish","format-standard","has-post-thumbnail","hentry","category-noticias"],"_links":{"self":[{"href":"https:\/\/blogdorogeriogomes.com.br\/noticias\/wp-json\/wp\/v2\/posts\/28905","targetHints":{"allow":["GET"]}}],"collection":[{"href":"https:\/\/blogdorogeriogomes.com.br\/noticias\/wp-json\/wp\/v2\/posts"}],"about":[{"href":"https:\/\/blogdorogeriogomes.com.br\/noticias\/wp-json\/wp\/v2\/types\/post"}],"author":[{"embeddable":true,"href":"https:\/\/blogdorogeriogomes.com.br\/noticias\/wp-json\/wp\/v2\/users\/1"}],"replies":[{"embeddable":true,"href":"https:\/\/blogdorogeriogomes.com.br\/noticias\/wp-json\/wp\/v2\/comments?post=28905"}],"version-history":[{"count":1,"href":"https:\/\/blogdorogeriogomes.com.br\/noticias\/wp-json\/wp\/v2\/posts\/28905\/revisions"}],"predecessor-version":[{"id":28907,"href":"https:\/\/blogdorogeriogomes.com.br\/noticias\/wp-json\/wp\/v2\/posts\/28905\/revisions\/28907"}],"wp:featuredmedia":[{"embeddable":true,"href":"https:\/\/blogdorogeriogomes.com.br\/noticias\/wp-json\/wp\/v2\/media\/28906"}],"wp:attachment":[{"href":"https:\/\/blogdorogeriogomes.com.br\/noticias\/wp-json\/wp\/v2\/media?parent=28905"}],"wp:term":[{"taxonomy":"category","embeddable":true,"href":"https:\/\/blogdorogeriogomes.com.br\/noticias\/wp-json\/wp\/v2\/categories?post=28905"},{"taxonomy":"post_tag","embeddable":true,"href":"https:\/\/blogdorogeriogomes.com.br\/noticias\/wp-json\/wp\/v2\/tags?post=28905"}],"curies":[{"name":"wp","href":"https:\/\/api.w.org\/{rel}","templated":true}]}}