{"id":28910,"date":"2023-04-10T20:08:20","date_gmt":"2023-04-10T20:08:20","guid":{"rendered":"https:\/\/blogdorogeriogomes.com.br\/?p=28910"},"modified":"2023-04-11T09:54:34","modified_gmt":"2023-04-11T09:54:34","slug":"professores-estaduais-terao-reajuste-de-1495-a-partir-de-junho","status":"publish","type":"post","link":"https:\/\/blogdorogeriogomes.com.br\/noticias\/2023\/04\/professores-estaduais-terao-reajuste-de-1495-a-partir-de-junho\/","title":{"rendered":"Professores estaduais ter\u00e3o reajuste de 14,95% a partir de junho"},"content":{"rendered":"\n<p>O Governo do Estado autorizou o reajuste de 14,95% dos professores da rede p\u00fablica estadual. Com a medida, o governador Elmano de Freitas (PT) garante o piso nacional da categoria, anunciado pelo Minist\u00e9rio da Educa\u00e7\u00e3o. O pagamento ser\u00e1 feito a partir de junho pr\u00f3ximo. Os profissionais em in\u00edcio de carreira, cujo vencimento-base estava ainda alinhado ao piso do ano anterior, ser\u00e3o contemplados com o pagamento retroativo a janeiro \u00faltimo.<\/p>\n\n\n\n<p>O reajuste beneficia 56.800 docentes entre ativos, aposentados, pensionistas e tempor\u00e1rios. O impacto financeiro \u00e9 de, aproximadamente, R$ 407 milh\u00f5es\/ano ao Tesouro Estadual. Com a nova tabela, a remunera\u00e7\u00e3o para um professor em in\u00edcio de carreira, com 40 horas semanais, ser\u00e1 de 6.147,69. J\u00e1 para um professor no \u00faltimo n\u00edvel da carreira, com doutorado, passa a R$ 17.642,70. A remunera\u00e7\u00e3o inclui as verbas relativas ao vencimento (piso), reg\u00eancia e Parcela Vari\u00e1vel de Redistribui\u00e7\u00e3o (PVR). H\u00e1 ainda aux\u00edlio alimenta\u00e7\u00e3o para todos os professores com carreira com 40 horas semanais.<\/p>\n\n\n\n<figure class=\"wp-block-image size-full\"><img loading=\"lazy\" decoding=\"async\" width=\"739\" height=\"415\" src=\"https:\/\/blogdorogeriogomes.com.br\/wp-content\/uploads\/2023\/04\/images-20.jpeg\" alt=\"\" class=\"wp-image-28911\" srcset=\"https:\/\/blogdorogeriogomes.com.br\/noticias\/wp-content\/uploads\/2023\/04\/images-20.jpeg 739w, https:\/\/blogdorogeriogomes.com.br\/noticias\/wp-content\/uploads\/2023\/04\/images-20-300x168.jpeg 300w\" sizes=\"auto, (max-width: 739px) 100vw, 739px\" \/><\/figure>\n","protected":false},"excerpt":{"rendered":"<p>O Governo do Estado autorizou o reajuste de 14,95% dos professores da rede p\u00fablica estadual. Com a medida, o governador Elmano de Freitas (PT) garante o piso nacional da categoria, anunciado pelo Minist\u00e9rio da Educa\u00e7\u00e3o. O pagamento ser\u00e1 feito a partir de junho pr\u00f3ximo. Os profissionais em in\u00edcio de carreira, cujo vencimento-base estava ainda alinhado ao piso do ano anterior, ser\u00e3o contemplados com o pagamento retroativo a janeiro \u00faltimo. O reajuste beneficia 56.800 docentes entre ativos, aposentados, pensionistas e&hellip;<\/p>\n","protected":false},"author":1,"featured_media":28911,"comment_status":"open","ping_status":"open","sticky":false,"template":"","format":"standard","meta":{"footnotes":""},"categories":[1],"tags":[],"class_list":["post-28910","post","type-post","status-publish","format-standard","has-post-thumbnail","hentry","category-noticias"],"_links":{"self":[{"href":"https:\/\/blogdorogeriogomes.com.br\/noticias\/wp-json\/wp\/v2\/posts\/28910","targetHints":{"allow":["GET"]}}],"collection":[{"href":"https:\/\/blogdorogeriogomes.com.br\/noticias\/wp-json\/wp\/v2\/posts"}],"about":[{"href":"https:\/\/blogdorogeriogomes.com.br\/noticias\/wp-json\/wp\/v2\/types\/post"}],"author":[{"embeddable":true,"href":"https:\/\/blogdorogeriogomes.com.br\/noticias\/wp-json\/wp\/v2\/users\/1"}],"replies":[{"embeddable":true,"href":"https:\/\/blogdorogeriogomes.com.br\/noticias\/wp-json\/wp\/v2\/comments?post=28910"}],"version-history":[{"count":1,"href":"https:\/\/blogdorogeriogomes.com.br\/noticias\/wp-json\/wp\/v2\/posts\/28910\/revisions"}],"predecessor-version":[{"id":28912,"href":"https:\/\/blogdorogeriogomes.com.br\/noticias\/wp-json\/wp\/v2\/posts\/28910\/revisions\/28912"}],"wp:featuredmedia":[{"embeddable":true,"href":"https:\/\/blogdorogeriogomes.com.br\/noticias\/wp-json\/wp\/v2\/media\/28911"}],"wp:attachment":[{"href":"https:\/\/blogdorogeriogomes.com.br\/noticias\/wp-json\/wp\/v2\/media?parent=28910"}],"wp:term":[{"taxonomy":"category","embeddable":true,"href":"https:\/\/blogdorogeriogomes.com.br\/noticias\/wp-json\/wp\/v2\/categories?post=28910"},{"taxonomy":"post_tag","embeddable":true,"href":"https:\/\/blogdorogeriogomes.com.br\/noticias\/wp-json\/wp\/v2\/tags?post=28910"}],"curies":[{"name":"wp","href":"https:\/\/api.w.org\/{rel}","templated":true}]}}