{"id":28920,"date":"2023-04-11T21:32:17","date_gmt":"2023-04-11T21:32:17","guid":{"rendered":"https:\/\/blogdorogeriogomes.com.br\/?p=28920"},"modified":"2023-04-12T18:36:58","modified_gmt":"2023-04-12T18:36:58","slug":"assembleia-legislativa-aprova-reajuste-dos-professores-estaduais-em-regime-de-urgencia","status":"publish","type":"post","link":"https:\/\/blogdorogeriogomes.com.br\/noticias\/2023\/04\/assembleia-legislativa-aprova-reajuste-dos-professores-estaduais-em-regime-de-urgencia\/","title":{"rendered":"Assembleia Legislativa aprova reajuste dos professores estaduais em regime de urg\u00eancia"},"content":{"rendered":"\n<p>A Assembleia Legislativa do Estado do Cear\u00e1 aprovou, na sess\u00e3o plen\u00e1ria desta ter\u00e7a-feira, dia 11 de abril, por unanimidade, o projeto de lei do Governo do Cear\u00e1 que concede reajuste de 14,95% para os professores da rede p\u00fablica estadual e garante o piso nacional da categoria, anunciado pelo Minist\u00e9rio da Educa\u00e7\u00e3o. A medida vale a partir de 1\u00b0 de junho de 2023. Na ocasi\u00e3o, tamb\u00e9m foi aprovada a proposta do Executivo que disp\u00f5e sobre os professores de n\u00edvel superior no \u00e2mbito da sa\u00fade p\u00fablica estadual.<\/p>\n\n\n\n<p>&#8220;Eu tenho muito orgulho de fazer parte da Assembleia Legislativa e parabenizo a todo o plen\u00e1rio pela sensibilidade em aprovar esta importante mat\u00e9ria. N\u00e3o \u00e9 \u00e0 toa que o Cear\u00e1 tem conseguido avan\u00e7ar na educa\u00e7\u00e3o e hoje somos refer\u00eancia para o Pa\u00eds, tendo em vista a prioridade dada \u00e0 pol\u00edtica educacional nos \u00faltimos 15 anos, pelos desempenhos obtidos nessa \u00e1rea&#8221;, disse o presidente da Casa, deputado Evandro Leit\u00e3o, que lembrou a iniciativa desde os governos Cid Gomes, Camilo Santana (ministro da Educa\u00e7\u00e3o), Izolda Cela e, agora, Elmano de Freitas.<\/p>\n\n\n\n<figure class=\"wp-block-image size-large\"><img loading=\"lazy\" decoding=\"async\" width=\"1024\" height=\"682\" src=\"https:\/\/blogdorogeriogomes.com.br\/wp-content\/uploads\/2023\/04\/IMG-20230411-WA0130-1024x682.jpg\" alt=\"\" class=\"wp-image-28921\" srcset=\"https:\/\/blogdorogeriogomes.com.br\/noticias\/wp-content\/uploads\/2023\/04\/IMG-20230411-WA0130-1024x682.jpg 1024w, https:\/\/blogdorogeriogomes.com.br\/noticias\/wp-content\/uploads\/2023\/04\/IMG-20230411-WA0130-300x200.jpg 300w, https:\/\/blogdorogeriogomes.com.br\/noticias\/wp-content\/uploads\/2023\/04\/IMG-20230411-WA0130-768x511.jpg 768w, https:\/\/blogdorogeriogomes.com.br\/noticias\/wp-content\/uploads\/2023\/04\/IMG-20230411-WA0130-800x533.jpg 800w, https:\/\/blogdorogeriogomes.com.br\/noticias\/wp-content\/uploads\/2023\/04\/IMG-20230411-WA0130.jpg 1280w\" sizes=\"auto, (max-width: 1024px) 100vw, 1024px\" \/><\/figure>\n\n\n\n<p><\/p>\n\n\n\n<p><\/p>\n","protected":false},"excerpt":{"rendered":"<p>A Assembleia Legislativa do Estado do Cear\u00e1 aprovou, na sess\u00e3o plen\u00e1ria desta ter\u00e7a-feira, dia 11 de abril, por unanimidade, o projeto de lei do Governo do Cear\u00e1 que concede reajuste de 14,95% para os professores da rede p\u00fablica estadual e garante o piso nacional da categoria, anunciado pelo Minist\u00e9rio da Educa\u00e7\u00e3o. A medida vale a partir de 1\u00b0 de junho de 2023. Na ocasi\u00e3o, tamb\u00e9m foi aprovada a proposta do Executivo que disp\u00f5e sobre os professores de n\u00edvel superior&hellip;<\/p>\n","protected":false},"author":1,"featured_media":28921,"comment_status":"open","ping_status":"open","sticky":false,"template":"","format":"standard","meta":{"footnotes":""},"categories":[1],"tags":[],"class_list":["post-28920","post","type-post","status-publish","format-standard","has-post-thumbnail","hentry","category-noticias"],"_links":{"self":[{"href":"https:\/\/blogdorogeriogomes.com.br\/noticias\/wp-json\/wp\/v2\/posts\/28920","targetHints":{"allow":["GET"]}}],"collection":[{"href":"https:\/\/blogdorogeriogomes.com.br\/noticias\/wp-json\/wp\/v2\/posts"}],"about":[{"href":"https:\/\/blogdorogeriogomes.com.br\/noticias\/wp-json\/wp\/v2\/types\/post"}],"author":[{"embeddable":true,"href":"https:\/\/blogdorogeriogomes.com.br\/noticias\/wp-json\/wp\/v2\/users\/1"}],"replies":[{"embeddable":true,"href":"https:\/\/blogdorogeriogomes.com.br\/noticias\/wp-json\/wp\/v2\/comments?post=28920"}],"version-history":[{"count":1,"href":"https:\/\/blogdorogeriogomes.com.br\/noticias\/wp-json\/wp\/v2\/posts\/28920\/revisions"}],"predecessor-version":[{"id":28922,"href":"https:\/\/blogdorogeriogomes.com.br\/noticias\/wp-json\/wp\/v2\/posts\/28920\/revisions\/28922"}],"wp:featuredmedia":[{"embeddable":true,"href":"https:\/\/blogdorogeriogomes.com.br\/noticias\/wp-json\/wp\/v2\/media\/28921"}],"wp:attachment":[{"href":"https:\/\/blogdorogeriogomes.com.br\/noticias\/wp-json\/wp\/v2\/media?parent=28920"}],"wp:term":[{"taxonomy":"category","embeddable":true,"href":"https:\/\/blogdorogeriogomes.com.br\/noticias\/wp-json\/wp\/v2\/categories?post=28920"},{"taxonomy":"post_tag","embeddable":true,"href":"https:\/\/blogdorogeriogomes.com.br\/noticias\/wp-json\/wp\/v2\/tags?post=28920"}],"curies":[{"name":"wp","href":"https:\/\/api.w.org\/{rel}","templated":true}]}}