{"id":28927,"date":"2023-04-12T09:47:26","date_gmt":"2023-04-12T09:47:26","guid":{"rendered":"https:\/\/blogdorogeriogomes.com.br\/?p=28927"},"modified":"2023-04-12T18:36:44","modified_gmt":"2023-04-12T18:36:44","slug":"jose-sarto-se-reune-com-ministro-e-faz-contatos-politicos-em-brasilia","status":"publish","type":"post","link":"https:\/\/blogdorogeriogomes.com.br\/noticias\/2023\/04\/jose-sarto-se-reune-com-ministro-e-faz-contatos-politicos-em-brasilia\/","title":{"rendered":"Jos\u00e9 Sarto se re\u00fane com ministro e faz contatos pol\u00edticos em Bras\u00edlia"},"content":{"rendered":"\n<p>O prefeito de Fortaleza, Jos\u00e9 Sarto, cumpriu agenda nesta ter\u00e7a-feira, dia 11 de abril, em Bras\u00edlia. Ele se reuniu com o ministro da Integra\u00e7\u00e3o Nacional e Desenvolvimento Regional, Waldez G\u00f3es. Em pauta, projetos futuros em benef\u00edcio de Fortaleza. &#8220;Participei tamb\u00e9m de uma reuni\u00e3o com ele e outros 12 prefeitos de munic\u00edpios atingidos pelas intensas chuvas no nosso Estado. Dedico minha solidariedade a todos os irm\u00e3os e irm\u00e3s cearenses v\u00edtimas das enchentes. Cada cidade apresentou as necessidades e urg\u00eancias neste dif\u00edcil momento e o Minist\u00e9rio se comprometeu a oferecer toda a assist\u00eancia necess\u00e1ria&#8221;, disse Sarto. <\/p>\n\n\n\n<p>O prefeito da Capital tamb\u00e9m esteve reunido com o deputado federal e presidente nacional do PDT, Andr\u00e9 Figueiredo, al\u00e9m do Ministro Carlos Lupi, que hoje est\u00e1 licenciado do comando nacional do partido. E o assunto s\u00e3o as movimenta\u00e7\u00f5es pol\u00edticas em Fortaleza quanto a sucess\u00e3o municipal em 2014. Jos\u00e9 Sarto busca se viabilizar para buscar a sua reelei\u00e7\u00e3o diante de um PDT dividido, com uma ala que defende aproxima\u00e7\u00e3o como governador Elmano de Freitas (PT).<\/p>\n\n\n\n<figure class=\"wp-block-image size-large\"><img loading=\"lazy\" decoding=\"async\" width=\"1024\" height=\"769\" src=\"https:\/\/blogdorogeriogomes.com.br\/wp-content\/uploads\/2023\/04\/IMG-20230412-WA0019-1024x769.jpg\" alt=\"\" class=\"wp-image-28928\" srcset=\"https:\/\/blogdorogeriogomes.com.br\/noticias\/wp-content\/uploads\/2023\/04\/IMG-20230412-WA0019-1024x769.jpg 1024w, https:\/\/blogdorogeriogomes.com.br\/noticias\/wp-content\/uploads\/2023\/04\/IMG-20230412-WA0019-300x225.jpg 300w, https:\/\/blogdorogeriogomes.com.br\/noticias\/wp-content\/uploads\/2023\/04\/IMG-20230412-WA0019-768x577.jpg 768w, https:\/\/blogdorogeriogomes.com.br\/noticias\/wp-content\/uploads\/2023\/04\/IMG-20230412-WA0019-800x601.jpg 800w, https:\/\/blogdorogeriogomes.com.br\/noticias\/wp-content\/uploads\/2023\/04\/IMG-20230412-WA0019-400x300.jpg 400w, https:\/\/blogdorogeriogomes.com.br\/noticias\/wp-content\/uploads\/2023\/04\/IMG-20230412-WA0019.jpg 1080w\" sizes=\"auto, (max-width: 1024px) 100vw, 1024px\" \/><\/figure>\n\n\n\n<p><\/p>\n","protected":false},"excerpt":{"rendered":"<p>O prefeito de Fortaleza, Jos\u00e9 Sarto, cumpriu agenda nesta ter\u00e7a-feira, dia 11 de abril, em Bras\u00edlia. Ele se reuniu com o ministro da Integra\u00e7\u00e3o Nacional e Desenvolvimento Regional, Waldez G\u00f3es. Em pauta, projetos futuros em benef\u00edcio de Fortaleza. &#8220;Participei tamb\u00e9m de uma reuni\u00e3o com ele e outros 12 prefeitos de munic\u00edpios atingidos pelas intensas chuvas no nosso Estado. Dedico minha solidariedade a todos os irm\u00e3os e irm\u00e3s cearenses v\u00edtimas das enchentes. Cada cidade apresentou as necessidades e urg\u00eancias neste&hellip;<\/p>\n","protected":false},"author":1,"featured_media":28928,"comment_status":"open","ping_status":"open","sticky":false,"template":"","format":"standard","meta":{"footnotes":""},"categories":[1],"tags":[],"class_list":["post-28927","post","type-post","status-publish","format-standard","has-post-thumbnail","hentry","category-noticias"],"_links":{"self":[{"href":"https:\/\/blogdorogeriogomes.com.br\/noticias\/wp-json\/wp\/v2\/posts\/28927","targetHints":{"allow":["GET"]}}],"collection":[{"href":"https:\/\/blogdorogeriogomes.com.br\/noticias\/wp-json\/wp\/v2\/posts"}],"about":[{"href":"https:\/\/blogdorogeriogomes.com.br\/noticias\/wp-json\/wp\/v2\/types\/post"}],"author":[{"embeddable":true,"href":"https:\/\/blogdorogeriogomes.com.br\/noticias\/wp-json\/wp\/v2\/users\/1"}],"replies":[{"embeddable":true,"href":"https:\/\/blogdorogeriogomes.com.br\/noticias\/wp-json\/wp\/v2\/comments?post=28927"}],"version-history":[{"count":1,"href":"https:\/\/blogdorogeriogomes.com.br\/noticias\/wp-json\/wp\/v2\/posts\/28927\/revisions"}],"predecessor-version":[{"id":28929,"href":"https:\/\/blogdorogeriogomes.com.br\/noticias\/wp-json\/wp\/v2\/posts\/28927\/revisions\/28929"}],"wp:featuredmedia":[{"embeddable":true,"href":"https:\/\/blogdorogeriogomes.com.br\/noticias\/wp-json\/wp\/v2\/media\/28928"}],"wp:attachment":[{"href":"https:\/\/blogdorogeriogomes.com.br\/noticias\/wp-json\/wp\/v2\/media?parent=28927"}],"wp:term":[{"taxonomy":"category","embeddable":true,"href":"https:\/\/blogdorogeriogomes.com.br\/noticias\/wp-json\/wp\/v2\/categories?post=28927"},{"taxonomy":"post_tag","embeddable":true,"href":"https:\/\/blogdorogeriogomes.com.br\/noticias\/wp-json\/wp\/v2\/tags?post=28927"}],"curies":[{"name":"wp","href":"https:\/\/api.w.org\/{rel}","templated":true}]}}