{"id":28930,"date":"2023-04-12T14:25:25","date_gmt":"2023-04-12T14:25:25","guid":{"rendered":"https:\/\/blogdorogeriogomes.com.br\/?p=28930"},"modified":"2023-04-12T18:36:38","modified_gmt":"2023-04-12T18:36:38","slug":"cdl-fortaleza-recebe-secretario-da-fazenda-do-estado-para-discutir-acoes-no-centro-da-capital","status":"publish","type":"post","link":"https:\/\/blogdorogeriogomes.com.br\/noticias\/2023\/04\/cdl-fortaleza-recebe-secretario-da-fazenda-do-estado-para-discutir-acoes-no-centro-da-capital\/","title":{"rendered":"CDL Fortaleza recebe secret\u00e1rio da Fazenda do Estado para discutir a\u00e7\u00f5es no Centro da Capital"},"content":{"rendered":"\n<p>A C\u00e2mara de Dirigentes Lojistas de Fortaleza (CDL) recebeu nesta quarta-feira, dia 12 de abril, o secret\u00e1rio da Fazenda do Cear\u00e1, Fabr\u00edzio Gomes, para discutir a\u00e7\u00f5es para requalifica\u00e7\u00e3o do com\u00e9rcio no Centro da Capital.<\/p>\n\n\n\n<p>Representantes do com\u00e9rcio lojista se reuniram com o secret\u00e1rio da Fazenda do Estado em um caf\u00e9 da manh\u00e3 para apresentar um plano de a\u00e7\u00e3o, que visa incrementar o movimento de pessoas no Centro de Fortaleza. &#8220;A meta \u00e9 incentivar o consumidor a frequentar mais a regi\u00e3o e apostar nas ofertas do setor lojista&#8221;, disse Assis Cavalcante, presidente da CDL Fortaleza.<\/p>\n\n\n\n<p>O Centro de Fortaleza \u00e9 ainda considerado o principal bairro arrecadador da Capital. No ano passado foram cerca de R$ 2 bilh\u00f5es de reais brutos, segundo a Secretaria da Fazenda do Estado.<\/p>\n\n\n\n<p>O imposto com maior incid\u00eancia no setor de com\u00e9rcio \u00e9 o ICMS. Mas o secret\u00e1rio Fabrizio Gomes diz ser necess\u00e1rio que as atividades no Centro de Fortaleza precisam ser ampliadas, inclusive no per\u00edodo noturno. &#8220;\u00c9 preciso investir mais no setor cultural&#8221;, destacou o secret\u00e1rio da Sefaz.<\/p>\n\n\n\n<figure class=\"wp-block-image size-large\"><img loading=\"lazy\" decoding=\"async\" width=\"1024\" height=\"768\" src=\"https:\/\/blogdorogeriogomes.com.br\/wp-content\/uploads\/2023\/04\/IMG_20230412_085858805-1024x768.jpg\" alt=\"\" class=\"wp-image-28931\" srcset=\"https:\/\/blogdorogeriogomes.com.br\/noticias\/wp-content\/uploads\/2023\/04\/IMG_20230412_085858805-1024x768.jpg 1024w, https:\/\/blogdorogeriogomes.com.br\/noticias\/wp-content\/uploads\/2023\/04\/IMG_20230412_085858805-300x225.jpg 300w, https:\/\/blogdorogeriogomes.com.br\/noticias\/wp-content\/uploads\/2023\/04\/IMG_20230412_085858805-768x576.jpg 768w, https:\/\/blogdorogeriogomes.com.br\/noticias\/wp-content\/uploads\/2023\/04\/IMG_20230412_085858805-1536x1152.jpg 1536w, https:\/\/blogdorogeriogomes.com.br\/noticias\/wp-content\/uploads\/2023\/04\/IMG_20230412_085858805-2048x1536.jpg 2048w, https:\/\/blogdorogeriogomes.com.br\/noticias\/wp-content\/uploads\/2023\/04\/IMG_20230412_085858805-800x600.jpg 800w, https:\/\/blogdorogeriogomes.com.br\/noticias\/wp-content\/uploads\/2023\/04\/IMG_20230412_085858805-400x300.jpg 400w\" sizes=\"auto, (max-width: 1024px) 100vw, 1024px\" \/><\/figure>\n","protected":false},"excerpt":{"rendered":"<p>A C\u00e2mara de Dirigentes Lojistas de Fortaleza (CDL) recebeu nesta quarta-feira, dia 12 de abril, o secret\u00e1rio da Fazenda do Cear\u00e1, Fabr\u00edzio Gomes, para discutir a\u00e7\u00f5es para requalifica\u00e7\u00e3o do com\u00e9rcio no Centro da Capital. Representantes do com\u00e9rcio lojista se reuniram com o secret\u00e1rio da Fazenda do Estado em um caf\u00e9 da manh\u00e3 para apresentar um plano de a\u00e7\u00e3o, que visa incrementar o movimento de pessoas no Centro de Fortaleza. &#8220;A meta \u00e9 incentivar o consumidor a frequentar mais a&hellip;<\/p>\n","protected":false},"author":1,"featured_media":28931,"comment_status":"open","ping_status":"open","sticky":false,"template":"","format":"standard","meta":{"footnotes":""},"categories":[1],"tags":[],"class_list":["post-28930","post","type-post","status-publish","format-standard","has-post-thumbnail","hentry","category-noticias"],"_links":{"self":[{"href":"https:\/\/blogdorogeriogomes.com.br\/noticias\/wp-json\/wp\/v2\/posts\/28930","targetHints":{"allow":["GET"]}}],"collection":[{"href":"https:\/\/blogdorogeriogomes.com.br\/noticias\/wp-json\/wp\/v2\/posts"}],"about":[{"href":"https:\/\/blogdorogeriogomes.com.br\/noticias\/wp-json\/wp\/v2\/types\/post"}],"author":[{"embeddable":true,"href":"https:\/\/blogdorogeriogomes.com.br\/noticias\/wp-json\/wp\/v2\/users\/1"}],"replies":[{"embeddable":true,"href":"https:\/\/blogdorogeriogomes.com.br\/noticias\/wp-json\/wp\/v2\/comments?post=28930"}],"version-history":[{"count":1,"href":"https:\/\/blogdorogeriogomes.com.br\/noticias\/wp-json\/wp\/v2\/posts\/28930\/revisions"}],"predecessor-version":[{"id":28932,"href":"https:\/\/blogdorogeriogomes.com.br\/noticias\/wp-json\/wp\/v2\/posts\/28930\/revisions\/28932"}],"wp:featuredmedia":[{"embeddable":true,"href":"https:\/\/blogdorogeriogomes.com.br\/noticias\/wp-json\/wp\/v2\/media\/28931"}],"wp:attachment":[{"href":"https:\/\/blogdorogeriogomes.com.br\/noticias\/wp-json\/wp\/v2\/media?parent=28930"}],"wp:term":[{"taxonomy":"category","embeddable":true,"href":"https:\/\/blogdorogeriogomes.com.br\/noticias\/wp-json\/wp\/v2\/categories?post=28930"},{"taxonomy":"post_tag","embeddable":true,"href":"https:\/\/blogdorogeriogomes.com.br\/noticias\/wp-json\/wp\/v2\/tags?post=28930"}],"curies":[{"name":"wp","href":"https:\/\/api.w.org\/{rel}","templated":true}]}}