{"id":28933,"date":"2023-04-12T18:12:46","date_gmt":"2023-04-12T18:12:46","guid":{"rendered":"https:\/\/blogdorogeriogomes.com.br\/?p=28933"},"modified":"2023-04-12T18:36:32","modified_gmt":"2023-04-12T18:36:32","slug":"servidor-municipal-tera-ponto-facultativo-nesta-quinta-feira-por-causa-do-aniversario-de-fortaleza-djavan-e-atracao-de-show-no-aterrinho","status":"publish","type":"post","link":"https:\/\/blogdorogeriogomes.com.br\/noticias\/2023\/04\/servidor-municipal-tera-ponto-facultativo-nesta-quinta-feira-por-causa-do-aniversario-de-fortaleza-djavan-e-atracao-de-show-no-aterrinho\/","title":{"rendered":"Servidor municipal ter\u00e1 ponto facultativo nesta quinta-feira por causa do anivers\u00e1rio de Fortaleza. Djavan \u00e9 atra\u00e7\u00e3o de show no Aterrinho"},"content":{"rendered":"\n<p>A Prefeitura de Fortaleza decretou ponto facultativo nesta quinta-feira, dia 13 de abril,&nbsp;no dia em que \u00e9 celebrado os 297 anos da Capital. A decis\u00e3o n\u00e3o se aplica aos servidores municipais detentores de cargos privativos da \u00e1rea da sa\u00fade, que exer\u00e7am suas atribui\u00e7\u00f5es funcionais nos hospitais  da rede municipal de sa\u00fade.<\/p>\n\n\n\n<p>Para festejar a data, Prefeitura realiza shows de Djavan e Makem, no Aterrinho da Praia de Iracema, a partir das 19 horas, com entrada gratuita.&nbsp;<\/p>\n\n\n\n<p>De acordo com a&nbsp;Etufor, a opera\u00e7\u00e3o de transporte para o evento no aterro da Praia de Iracema ter\u00e1 oferta regular 18 linhas na regi\u00e3o e contar\u00e1 com 157 ve\u00edculos. O pre\u00e7o da passagem nesta quinta-feira ser\u00e1 de tarifa social. O valor da tarifa inteira ser\u00e1 de&nbsp;R$ 3,90&nbsp;e a<strong>&nbsp;<\/strong>estudantil R$ 1,50.<\/p>\n\n\n\n<figure class=\"wp-block-image size-full\"><img loading=\"lazy\" decoding=\"async\" width=\"739\" height=\"415\" src=\"https:\/\/blogdorogeriogomes.com.br\/wp-content\/uploads\/2023\/04\/images.jpeg\" alt=\"\" class=\"wp-image-28934\" srcset=\"https:\/\/blogdorogeriogomes.com.br\/noticias\/wp-content\/uploads\/2023\/04\/images.jpeg 739w, https:\/\/blogdorogeriogomes.com.br\/noticias\/wp-content\/uploads\/2023\/04\/images-300x168.jpeg 300w\" sizes=\"auto, (max-width: 739px) 100vw, 739px\" \/><\/figure>\n","protected":false},"excerpt":{"rendered":"<p>A Prefeitura de Fortaleza decretou ponto facultativo nesta quinta-feira, dia 13 de abril,&nbsp;no dia em que \u00e9 celebrado os 297 anos da Capital. A decis\u00e3o n\u00e3o se aplica aos servidores municipais detentores de cargos privativos da \u00e1rea da sa\u00fade, que exer\u00e7am suas atribui\u00e7\u00f5es funcionais nos hospitais da rede municipal de sa\u00fade. Para festejar a data, Prefeitura realiza shows de Djavan e Makem, no Aterrinho da Praia de Iracema, a partir das 19 horas, com entrada gratuita.&nbsp; De acordo com&hellip;<\/p>\n","protected":false},"author":1,"featured_media":28934,"comment_status":"open","ping_status":"open","sticky":false,"template":"","format":"standard","meta":{"footnotes":""},"categories":[1],"tags":[],"class_list":["post-28933","post","type-post","status-publish","format-standard","has-post-thumbnail","hentry","category-noticias"],"_links":{"self":[{"href":"https:\/\/blogdorogeriogomes.com.br\/noticias\/wp-json\/wp\/v2\/posts\/28933","targetHints":{"allow":["GET"]}}],"collection":[{"href":"https:\/\/blogdorogeriogomes.com.br\/noticias\/wp-json\/wp\/v2\/posts"}],"about":[{"href":"https:\/\/blogdorogeriogomes.com.br\/noticias\/wp-json\/wp\/v2\/types\/post"}],"author":[{"embeddable":true,"href":"https:\/\/blogdorogeriogomes.com.br\/noticias\/wp-json\/wp\/v2\/users\/1"}],"replies":[{"embeddable":true,"href":"https:\/\/blogdorogeriogomes.com.br\/noticias\/wp-json\/wp\/v2\/comments?post=28933"}],"version-history":[{"count":2,"href":"https:\/\/blogdorogeriogomes.com.br\/noticias\/wp-json\/wp\/v2\/posts\/28933\/revisions"}],"predecessor-version":[{"id":28936,"href":"https:\/\/blogdorogeriogomes.com.br\/noticias\/wp-json\/wp\/v2\/posts\/28933\/revisions\/28936"}],"wp:featuredmedia":[{"embeddable":true,"href":"https:\/\/blogdorogeriogomes.com.br\/noticias\/wp-json\/wp\/v2\/media\/28934"}],"wp:attachment":[{"href":"https:\/\/blogdorogeriogomes.com.br\/noticias\/wp-json\/wp\/v2\/media?parent=28933"}],"wp:term":[{"taxonomy":"category","embeddable":true,"href":"https:\/\/blogdorogeriogomes.com.br\/noticias\/wp-json\/wp\/v2\/categories?post=28933"},{"taxonomy":"post_tag","embeddable":true,"href":"https:\/\/blogdorogeriogomes.com.br\/noticias\/wp-json\/wp\/v2\/tags?post=28933"}],"curies":[{"name":"wp","href":"https:\/\/api.w.org\/{rel}","templated":true}]}}