{"id":28939,"date":"2023-04-12T19:09:34","date_gmt":"2023-04-12T19:09:34","guid":{"rendered":"https:\/\/blogdorogeriogomes.com.br\/?p=28939"},"modified":"2023-04-17T17:53:08","modified_gmt":"2023-04-17T17:53:08","slug":"pesquisa-fecomercio-mostra-que-indice-de-confianca-do-consumidor-de-fortaleza-apresentou-queda-de-98-no-bimestre-marco-abril","status":"publish","type":"post","link":"https:\/\/blogdorogeriogomes.com.br\/noticias\/2023\/04\/pesquisa-fecomercio-mostra-que-indice-de-confianca-do-consumidor-de-fortaleza-apresentou-queda-de-98-no-bimestre-marco-abril\/","title":{"rendered":"Pesquisa Fecom\u00e9rcio mostra que \u00cdndice de Confian\u00e7a do Consumidor de Fortaleza apresentou queda de 9,8% no bimestre mar\u00e7o\/abril"},"content":{"rendered":"\n<p>Pesquisa realizada pela Fecom\u00e9rcio Cear\u00e1, atrav\u00e9s do Instituto de Pesquisa e Desenvolvimento do Cear\u00e1 (IPDC), mostra que o \u00cdndice de Confian\u00e7a do Consumidor de Fortaleza (ICC) apresentou queda de 9,8% no bimestre mar\u00e7o\/abril de 2023, passando de 127,6 pontos no \u00faltimo bimestre, para 115,1 pontos na medi\u00e7\u00e3o atual. O \u00edndice recua ap\u00f3s crescimento em janeiro, com expectativas positivas dos consumidores por mudan\u00e7as econ\u00f4micas que melhorassem o cen\u00e1rio de infla\u00e7\u00e3o e renda. Sem mudan\u00e7as significativas, o indicador de confian\u00e7a cai.&nbsp;<\/p>\n\n\n\n<p>A propor\u00e7\u00e3o de consumidores que afirmaram ser este um bom momento para compra de bens dur\u00e1veis foi de 40,8%, abaixo, portanto, do \u00edndice medido no primeiro semestre (48,3%).&nbsp;&nbsp;<\/p>\n\n\n\n<p>O perfil do consumidor que ir\u00e1 \u00e0s compras mostra predom\u00ednio do grupo de sexo masculino (45,7%), na faixa de idade entre 18 e 24 anos (51,9%) e do agrupamento com renda familiar entre cinco e dez sal\u00e1rios-m\u00ednimos (47,3%).&nbsp;<\/p>\n\n\n\n<p>O estudo tamb\u00e9m mostra que 68,0% dos consumidores de Fortaleza consideram que sua situa\u00e7\u00e3o financeira atual est\u00e1 melhor ou muito melhor do que h\u00e1 um ano. J\u00e1 as expectativas com o futuro se mostram mais otimistas, com 83,2% dos entrevistados acreditando que sua situa\u00e7\u00e3o financeira futura ser\u00e1 melhor ou muito melhor do que a atual.&nbsp;<\/p>\n\n\n\n<p>A taxa de pretens\u00e3o de compra para o bimestre mar\u00e7o\/abril \u00e9 de 39,2%, mostrando redu\u00e7\u00e3o de 3,4 pontos percentuais com rela\u00e7\u00e3o ao primeiro bimestre do ano (42,6), mas alinhado com o observado em igual per\u00edodo do ano passado (39,8%).&nbsp;<\/p>\n\n\n\n<figure class=\"wp-block-image size-full\"><img loading=\"lazy\" decoding=\"async\" width=\"641\" height=\"478\" src=\"https:\/\/blogdorogeriogomes.com.br\/wp-content\/uploads\/2023\/04\/images-1.jpeg\" alt=\"\" class=\"wp-image-28940\" srcset=\"https:\/\/blogdorogeriogomes.com.br\/noticias\/wp-content\/uploads\/2023\/04\/images-1.jpeg 641w, https:\/\/blogdorogeriogomes.com.br\/noticias\/wp-content\/uploads\/2023\/04\/images-1-300x224.jpeg 300w\" sizes=\"auto, (max-width: 641px) 100vw, 641px\" \/><\/figure>\n","protected":false},"excerpt":{"rendered":"<p>Pesquisa realizada pela Fecom\u00e9rcio Cear\u00e1, atrav\u00e9s do Instituto de Pesquisa e Desenvolvimento do Cear\u00e1 (IPDC), mostra que o \u00cdndice de Confian\u00e7a do Consumidor de Fortaleza (ICC) apresentou queda de 9,8% no bimestre mar\u00e7o\/abril de 2023, passando de 127,6 pontos no \u00faltimo bimestre, para 115,1 pontos na medi\u00e7\u00e3o atual. O \u00edndice recua ap\u00f3s crescimento em janeiro, com expectativas positivas dos consumidores por mudan\u00e7as econ\u00f4micas que melhorassem o cen\u00e1rio de infla\u00e7\u00e3o e renda. Sem mudan\u00e7as significativas, o indicador de confian\u00e7a cai.&nbsp;&hellip;<\/p>\n","protected":false},"author":1,"featured_media":28940,"comment_status":"open","ping_status":"open","sticky":false,"template":"","format":"standard","meta":{"footnotes":""},"categories":[1],"tags":[],"class_list":["post-28939","post","type-post","status-publish","format-standard","has-post-thumbnail","hentry","category-noticias"],"_links":{"self":[{"href":"https:\/\/blogdorogeriogomes.com.br\/noticias\/wp-json\/wp\/v2\/posts\/28939","targetHints":{"allow":["GET"]}}],"collection":[{"href":"https:\/\/blogdorogeriogomes.com.br\/noticias\/wp-json\/wp\/v2\/posts"}],"about":[{"href":"https:\/\/blogdorogeriogomes.com.br\/noticias\/wp-json\/wp\/v2\/types\/post"}],"author":[{"embeddable":true,"href":"https:\/\/blogdorogeriogomes.com.br\/noticias\/wp-json\/wp\/v2\/users\/1"}],"replies":[{"embeddable":true,"href":"https:\/\/blogdorogeriogomes.com.br\/noticias\/wp-json\/wp\/v2\/comments?post=28939"}],"version-history":[{"count":2,"href":"https:\/\/blogdorogeriogomes.com.br\/noticias\/wp-json\/wp\/v2\/posts\/28939\/revisions"}],"predecessor-version":[{"id":29001,"href":"https:\/\/blogdorogeriogomes.com.br\/noticias\/wp-json\/wp\/v2\/posts\/28939\/revisions\/29001"}],"wp:featuredmedia":[{"embeddable":true,"href":"https:\/\/blogdorogeriogomes.com.br\/noticias\/wp-json\/wp\/v2\/media\/28940"}],"wp:attachment":[{"href":"https:\/\/blogdorogeriogomes.com.br\/noticias\/wp-json\/wp\/v2\/media?parent=28939"}],"wp:term":[{"taxonomy":"category","embeddable":true,"href":"https:\/\/blogdorogeriogomes.com.br\/noticias\/wp-json\/wp\/v2\/categories?post=28939"},{"taxonomy":"post_tag","embeddable":true,"href":"https:\/\/blogdorogeriogomes.com.br\/noticias\/wp-json\/wp\/v2\/tags?post=28939"}],"curies":[{"name":"wp","href":"https:\/\/api.w.org\/{rel}","templated":true}]}}