{"id":28942,"date":"2023-04-12T21:25:25","date_gmt":"2023-04-12T21:25:25","guid":{"rendered":"https:\/\/blogdorogeriogomes.com.br\/?p=28942"},"modified":"2023-04-17T17:52:48","modified_gmt":"2023-04-17T17:52:48","slug":"sarto-envia-ldo-para-camara-municipal-com-mais-r-1-bilhao-em-investimentos","status":"publish","type":"post","link":"https:\/\/blogdorogeriogomes.com.br\/noticias\/2023\/04\/sarto-envia-ldo-para-camara-municipal-com-mais-r-1-bilhao-em-investimentos\/","title":{"rendered":"Sarto envia LDO para C\u00e2mara Municipal com mais R$ 1 bilh\u00e3o em investimentos"},"content":{"rendered":"\n<p>O prefeito de Fortaleza, Jos\u00e9 Sarto (PDT), enviou nesta quarta-feira, dia 12 de abril, para a C\u00e2mara Municipal a Lei de Diretrizes Or\u00e7ament\u00e1rias para 2024, que prev\u00ea investimentos da ordem de R$ 1 bilh\u00e3o na Capital. &#8220;S\u00e3o obras principalmente nas \u00e1reas da educa\u00e7\u00e3o, sa\u00fade e habita\u00e7\u00e3o, como por exemplo constru\u00e7\u00e3o de mais cinco Escolas de Tempo Integral e 12 Centros de Educa\u00e7\u00e3o Infantil, implanta\u00e7\u00e3o de sete unidades de sa\u00fade prim\u00e1ria e regulariza\u00e7\u00e3o fundi\u00e1ria de 9 mil fam\u00edlias&#8221;. <\/p>\n\n\n\n<p>De acordo com Sarto, o or\u00e7amento total do Munic\u00edpio previsto para o pr\u00f3ximo ano \u00e9 de R$ 12,8 bilh\u00f5es, o que representa um crescimento no or\u00e7amento de 19,88% em rela\u00e7\u00e3o ao de 2023.<\/p>\n\n\n\n<figure class=\"wp-block-image size-full\"><img loading=\"lazy\" decoding=\"async\" width=\"756\" height=\"405\" src=\"https:\/\/blogdorogeriogomes.com.br\/wp-content\/uploads\/2023\/04\/images-2.jpeg\" alt=\"\" class=\"wp-image-28943\" srcset=\"https:\/\/blogdorogeriogomes.com.br\/noticias\/wp-content\/uploads\/2023\/04\/images-2.jpeg 756w, https:\/\/blogdorogeriogomes.com.br\/noticias\/wp-content\/uploads\/2023\/04\/images-2-300x161.jpeg 300w\" sizes=\"auto, (max-width: 756px) 100vw, 756px\" \/><\/figure>\n","protected":false},"excerpt":{"rendered":"<p>O prefeito de Fortaleza, Jos\u00e9 Sarto (PDT), enviou nesta quarta-feira, dia 12 de abril, para a C\u00e2mara Municipal a Lei de Diretrizes Or\u00e7ament\u00e1rias para 2024, que prev\u00ea investimentos da ordem de R$ 1 bilh\u00e3o na Capital. &#8220;S\u00e3o obras principalmente nas \u00e1reas da educa\u00e7\u00e3o, sa\u00fade e habita\u00e7\u00e3o, como por exemplo constru\u00e7\u00e3o de mais cinco Escolas de Tempo Integral e 12 Centros de Educa\u00e7\u00e3o Infantil, implanta\u00e7\u00e3o de sete unidades de sa\u00fade prim\u00e1ria e regulariza\u00e7\u00e3o fundi\u00e1ria de 9 mil fam\u00edlias&#8221;. De acordo&hellip;<\/p>\n","protected":false},"author":1,"featured_media":28943,"comment_status":"open","ping_status":"open","sticky":false,"template":"","format":"standard","meta":{"footnotes":""},"categories":[1],"tags":[],"class_list":["post-28942","post","type-post","status-publish","format-standard","has-post-thumbnail","hentry","category-noticias"],"_links":{"self":[{"href":"https:\/\/blogdorogeriogomes.com.br\/noticias\/wp-json\/wp\/v2\/posts\/28942","targetHints":{"allow":["GET"]}}],"collection":[{"href":"https:\/\/blogdorogeriogomes.com.br\/noticias\/wp-json\/wp\/v2\/posts"}],"about":[{"href":"https:\/\/blogdorogeriogomes.com.br\/noticias\/wp-json\/wp\/v2\/types\/post"}],"author":[{"embeddable":true,"href":"https:\/\/blogdorogeriogomes.com.br\/noticias\/wp-json\/wp\/v2\/users\/1"}],"replies":[{"embeddable":true,"href":"https:\/\/blogdorogeriogomes.com.br\/noticias\/wp-json\/wp\/v2\/comments?post=28942"}],"version-history":[{"count":2,"href":"https:\/\/blogdorogeriogomes.com.br\/noticias\/wp-json\/wp\/v2\/posts\/28942\/revisions"}],"predecessor-version":[{"id":28945,"href":"https:\/\/blogdorogeriogomes.com.br\/noticias\/wp-json\/wp\/v2\/posts\/28942\/revisions\/28945"}],"wp:featuredmedia":[{"embeddable":true,"href":"https:\/\/blogdorogeriogomes.com.br\/noticias\/wp-json\/wp\/v2\/media\/28943"}],"wp:attachment":[{"href":"https:\/\/blogdorogeriogomes.com.br\/noticias\/wp-json\/wp\/v2\/media?parent=28942"}],"wp:term":[{"taxonomy":"category","embeddable":true,"href":"https:\/\/blogdorogeriogomes.com.br\/noticias\/wp-json\/wp\/v2\/categories?post=28942"},{"taxonomy":"post_tag","embeddable":true,"href":"https:\/\/blogdorogeriogomes.com.br\/noticias\/wp-json\/wp\/v2\/tags?post=28942"}],"curies":[{"name":"wp","href":"https:\/\/api.w.org\/{rel}","templated":true}]}}