{"id":28949,"date":"2023-04-13T10:12:46","date_gmt":"2023-04-13T10:12:46","guid":{"rendered":"https:\/\/blogdorogeriogomes.com.br\/?p=28949"},"modified":"2023-04-17T17:52:29","modified_gmt":"2023-04-17T17:52:29","slug":"governo-federal-vai-apurar-responsabilidade-de-redes-sociais-em-ataque-a-escolas-meta-e-identificar-quem-dissemina-violencia","status":"publish","type":"post","link":"https:\/\/blogdorogeriogomes.com.br\/noticias\/2023\/04\/governo-federal-vai-apurar-responsabilidade-de-redes-sociais-em-ataque-a-escolas-meta-e-identificar-quem-dissemina-violencia\/","title":{"rendered":"Governo Federal vai apurar responsabilidade de redes sociais em ataque a escolas. Meta \u00e9 identificar quem dissemina viol\u00eancia"},"content":{"rendered":"\n<p>O Governo Federal montou uma for\u00e7a-tarefa para enfrentar a onda de ataques a escolas que atinge v\u00e1rios estados. As a\u00e7\u00f5es envolvem os Minist\u00e9rios da Justi\u00e7a e da Educa\u00e7\u00e3o. Um total de R$ 150 milh\u00f5es foi liberado em edital pelo Minist\u00e9rio da Justi\u00e7a para fortalecimento do Programa Nacional de Seguran\u00e7a nas Escolas. A quantia ser\u00e1 utilizada nas rondas escolares ou similares e sair\u00e1 do Fundo Nacional de Seguran\u00e7a P\u00fablica (FNSP), ofertado aos estados e munic\u00edpios.<\/p>\n\n\n\n<p>O ministro da Justi\u00e7a, Fl\u00e1vio Dino, editou uma portaria para apurar a responsabilidade das redes sociais nos ataques \u00e0s escolas. O objetivo \u00e9 apurar a eventual rela\u00e7\u00e3o do dever de cuidado de cada rede social com a cria\u00e7\u00e3o de perfil que disseminam a viol\u00eancia. Dino ainda explica que a portaria n\u00e3o ir\u00e1 interfere no Marco Civil da Internet ou at\u00e9 mesmo nos princ\u00edpios de liberdade de express\u00e3o.<\/p>\n\n\n\n<p>O ministro da Educa\u00e7\u00e3o, Camilo Santana, destacou a falta de regras nas redes sociais, que acaba se tornando terreno f\u00e9rtil para multiplica\u00e7\u00e3o da viol\u00eancia. Camilo diz ainda que os epis\u00f3dios de viol\u00eancia dentro das escolas \u00e9 muito fruto da cultura de intoler\u00e2ncia e do \u00f3dio que tomou conta do pa\u00eds nos \u00faltimos quatro anos.<\/p>\n\n\n\n<figure class=\"wp-block-image size-full\"><img loading=\"lazy\" decoding=\"async\" width=\"420\" height=\"240\" src=\"https:\/\/blogdorogeriogomes.com.br\/wp-content\/uploads\/2023\/04\/BR_CNN_050423_360_CLEAN_frame_223114.jpeg\" alt=\"\" class=\"wp-image-28950\" srcset=\"https:\/\/blogdorogeriogomes.com.br\/noticias\/wp-content\/uploads\/2023\/04\/BR_CNN_050423_360_CLEAN_frame_223114.jpeg 420w, https:\/\/blogdorogeriogomes.com.br\/noticias\/wp-content\/uploads\/2023\/04\/BR_CNN_050423_360_CLEAN_frame_223114-300x171.jpeg 300w\" sizes=\"auto, (max-width: 420px) 100vw, 420px\" \/><\/figure>\n","protected":false},"excerpt":{"rendered":"<p>O Governo Federal montou uma for\u00e7a-tarefa para enfrentar a onda de ataques a escolas que atinge v\u00e1rios estados. As a\u00e7\u00f5es envolvem os Minist\u00e9rios da Justi\u00e7a e da Educa\u00e7\u00e3o. Um total de R$ 150 milh\u00f5es foi liberado em edital pelo Minist\u00e9rio da Justi\u00e7a para fortalecimento do Programa Nacional de Seguran\u00e7a nas Escolas. A quantia ser\u00e1 utilizada nas rondas escolares ou similares e sair\u00e1 do Fundo Nacional de Seguran\u00e7a P\u00fablica (FNSP), ofertado aos estados e munic\u00edpios. O ministro da Justi\u00e7a, Fl\u00e1vio&hellip;<\/p>\n","protected":false},"author":1,"featured_media":28976,"comment_status":"open","ping_status":"open","sticky":false,"template":"","format":"standard","meta":{"footnotes":""},"categories":[1],"tags":[],"class_list":["post-28949","post","type-post","status-publish","format-standard","has-post-thumbnail","hentry","category-noticias"],"_links":{"self":[{"href":"https:\/\/blogdorogeriogomes.com.br\/noticias\/wp-json\/wp\/v2\/posts\/28949","targetHints":{"allow":["GET"]}}],"collection":[{"href":"https:\/\/blogdorogeriogomes.com.br\/noticias\/wp-json\/wp\/v2\/posts"}],"about":[{"href":"https:\/\/blogdorogeriogomes.com.br\/noticias\/wp-json\/wp\/v2\/types\/post"}],"author":[{"embeddable":true,"href":"https:\/\/blogdorogeriogomes.com.br\/noticias\/wp-json\/wp\/v2\/users\/1"}],"replies":[{"embeddable":true,"href":"https:\/\/blogdorogeriogomes.com.br\/noticias\/wp-json\/wp\/v2\/comments?post=28949"}],"version-history":[{"count":1,"href":"https:\/\/blogdorogeriogomes.com.br\/noticias\/wp-json\/wp\/v2\/posts\/28949\/revisions"}],"predecessor-version":[{"id":28951,"href":"https:\/\/blogdorogeriogomes.com.br\/noticias\/wp-json\/wp\/v2\/posts\/28949\/revisions\/28951"}],"wp:featuredmedia":[{"embeddable":true,"href":"https:\/\/blogdorogeriogomes.com.br\/noticias\/wp-json\/wp\/v2\/media\/28976"}],"wp:attachment":[{"href":"https:\/\/blogdorogeriogomes.com.br\/noticias\/wp-json\/wp\/v2\/media?parent=28949"}],"wp:term":[{"taxonomy":"category","embeddable":true,"href":"https:\/\/blogdorogeriogomes.com.br\/noticias\/wp-json\/wp\/v2\/categories?post=28949"},{"taxonomy":"post_tag","embeddable":true,"href":"https:\/\/blogdorogeriogomes.com.br\/noticias\/wp-json\/wp\/v2\/tags?post=28949"}],"curies":[{"name":"wp","href":"https:\/\/api.w.org\/{rel}","templated":true}]}}