{"id":28955,"date":"2023-04-13T10:41:48","date_gmt":"2023-04-13T10:41:48","guid":{"rendered":"https:\/\/blogdorogeriogomes.com.br\/?p=28955"},"modified":"2023-04-17T17:52:17","modified_gmt":"2023-04-17T17:52:17","slug":"ministerio-publico-eleitoral-defende-que-tse-torne-jair-bolsonaro-inelegivel","status":"publish","type":"post","link":"https:\/\/blogdorogeriogomes.com.br\/noticias\/2023\/04\/ministerio-publico-eleitoral-defende-que-tse-torne-jair-bolsonaro-inelegivel\/","title":{"rendered":"Minist\u00e9rio P\u00fablico Eleitoral defende que TSE torne Jair Bolsonaro ineleg\u00edvel"},"content":{"rendered":"\n<p>O Minist\u00e9rio P\u00fablico Eleitoral defendeu que o&nbsp;Tribunal Superior Eleitoral&nbsp;(TSE) torne o ex-presidente&nbsp;Jair Bolsonaro (PL) ineleg\u00edvel. O TSE analisa uma a\u00e7\u00e3o de investiga\u00e7\u00e3o judicial eleitoral apresentada pelo PDT contra a chapa de Bolsonaro. O processo est\u00e1 em sigilo.<\/p>\n\n\n\n<p>A&nbsp;TV Globo apurou que o parecer do vice-procurador-geral Eleitoral, Paulo Gonet Braco, afirma que as provas reunidas indicam que houve abuso de poder pol\u00edtico de Bolsonaro nas elei\u00e7\u00f5es do ano passado.<\/p>\n\n\n\n<p>O ex-presidente proferiu ataques sem provas ao sistema eleitoral durante uma reuni\u00e3o com embaixadores que convocou no Pal\u00e1cio da Alvorada. As acusa\u00e7\u00f5es contra as urnas eletr\u00f4nicas j\u00e1 haviam sido desmentidas por v\u00e1rios \u00f3rg\u00e3os oficiais.<\/p>\n\n\n\n<figure class=\"wp-block-image size-full\"><img loading=\"lazy\" decoding=\"async\" width=\"984\" height=\"656\" src=\"https:\/\/blogdorogeriogomes.com.br\/wp-content\/uploads\/2023\/04\/52225842569-9f9ab5c446-k.jpg\" alt=\"\" class=\"wp-image-28956\" srcset=\"https:\/\/blogdorogeriogomes.com.br\/noticias\/wp-content\/uploads\/2023\/04\/52225842569-9f9ab5c446-k.jpg 984w, https:\/\/blogdorogeriogomes.com.br\/noticias\/wp-content\/uploads\/2023\/04\/52225842569-9f9ab5c446-k-300x200.jpg 300w, https:\/\/blogdorogeriogomes.com.br\/noticias\/wp-content\/uploads\/2023\/04\/52225842569-9f9ab5c446-k-768x512.jpg 768w, https:\/\/blogdorogeriogomes.com.br\/noticias\/wp-content\/uploads\/2023\/04\/52225842569-9f9ab5c446-k-800x533.jpg 800w\" sizes=\"auto, (max-width: 984px) 100vw, 984px\" \/><\/figure>\n","protected":false},"excerpt":{"rendered":"<p>O Minist\u00e9rio P\u00fablico Eleitoral defendeu que o&nbsp;Tribunal Superior Eleitoral&nbsp;(TSE) torne o ex-presidente&nbsp;Jair Bolsonaro (PL) ineleg\u00edvel. O TSE analisa uma a\u00e7\u00e3o de investiga\u00e7\u00e3o judicial eleitoral apresentada pelo PDT contra a chapa de Bolsonaro. O processo est\u00e1 em sigilo. A&nbsp;TV Globo apurou que o parecer do vice-procurador-geral Eleitoral, Paulo Gonet Braco, afirma que as provas reunidas indicam que houve abuso de poder pol\u00edtico de Bolsonaro nas elei\u00e7\u00f5es do ano passado. O ex-presidente proferiu ataques sem provas ao sistema eleitoral durante uma&hellip;<\/p>\n","protected":false},"author":1,"featured_media":28956,"comment_status":"open","ping_status":"open","sticky":false,"template":"","format":"standard","meta":{"footnotes":""},"categories":[1],"tags":[],"class_list":["post-28955","post","type-post","status-publish","format-standard","has-post-thumbnail","hentry","category-noticias"],"_links":{"self":[{"href":"https:\/\/blogdorogeriogomes.com.br\/noticias\/wp-json\/wp\/v2\/posts\/28955","targetHints":{"allow":["GET"]}}],"collection":[{"href":"https:\/\/blogdorogeriogomes.com.br\/noticias\/wp-json\/wp\/v2\/posts"}],"about":[{"href":"https:\/\/blogdorogeriogomes.com.br\/noticias\/wp-json\/wp\/v2\/types\/post"}],"author":[{"embeddable":true,"href":"https:\/\/blogdorogeriogomes.com.br\/noticias\/wp-json\/wp\/v2\/users\/1"}],"replies":[{"embeddable":true,"href":"https:\/\/blogdorogeriogomes.com.br\/noticias\/wp-json\/wp\/v2\/comments?post=28955"}],"version-history":[{"count":2,"href":"https:\/\/blogdorogeriogomes.com.br\/noticias\/wp-json\/wp\/v2\/posts\/28955\/revisions"}],"predecessor-version":[{"id":28998,"href":"https:\/\/blogdorogeriogomes.com.br\/noticias\/wp-json\/wp\/v2\/posts\/28955\/revisions\/28998"}],"wp:featuredmedia":[{"embeddable":true,"href":"https:\/\/blogdorogeriogomes.com.br\/noticias\/wp-json\/wp\/v2\/media\/28956"}],"wp:attachment":[{"href":"https:\/\/blogdorogeriogomes.com.br\/noticias\/wp-json\/wp\/v2\/media?parent=28955"}],"wp:term":[{"taxonomy":"category","embeddable":true,"href":"https:\/\/blogdorogeriogomes.com.br\/noticias\/wp-json\/wp\/v2\/categories?post=28955"},{"taxonomy":"post_tag","embeddable":true,"href":"https:\/\/blogdorogeriogomes.com.br\/noticias\/wp-json\/wp\/v2\/tags?post=28955"}],"curies":[{"name":"wp","href":"https:\/\/api.w.org\/{rel}","templated":true}]}}