{"id":28958,"date":"2023-04-13T10:47:38","date_gmt":"2023-04-13T10:47:38","guid":{"rendered":"https:\/\/blogdorogeriogomes.com.br\/?p=28958"},"modified":"2023-04-13T10:47:39","modified_gmt":"2023-04-13T10:47:39","slug":"lula-participa-da-posse-de-dilma-rousseff-na-presidencia-do-banco-dos-brics","status":"publish","type":"post","link":"https:\/\/blogdorogeriogomes.com.br\/noticias\/2023\/04\/lula-participa-da-posse-de-dilma-rousseff-na-presidencia-do-banco-dos-brics\/","title":{"rendered":"Lula participa da posse de Dilma Rousseff na presid\u00eancia do Banco dos Brics"},"content":{"rendered":"\n<p>A ex-presidente da Rep\u00fablica\u00a0Dilma Rousseff tomou posse como presidente do Novo Banco de Desenvolvimento (NBD), tamb\u00e9m conhecido como &#8220;Banco dos\u00a0Brics&#8221;, nesta quinta-feira, dia 13 de abril. O presidente Lula tamb\u00e9m participou da cerim\u00f4nia de posse, feita em Xangai, na China.<\/p>\n\n\n\n<p>O mandato de Dilma como presidente do banco dos Brics vai at\u00e9 julho de 2025. Ela foi indicada ao cargo pelo governo Lula.\u00a0O banco \u00e9 formado originalmente por Brasil, R\u00fassia, \u00cdndia, China e \u00c1frica do Sul. Depois, passaram a integrar a institui\u00e7\u00e3o Bangladesh, Egito, Emirados \u00c1rabes Unidos e Uruguai.<\/p>\n\n\n\n<figure class=\"wp-block-image size-full\"><img loading=\"lazy\" decoding=\"async\" width=\"1024\" height=\"682\" src=\"https:\/\/blogdorogeriogomes.com.br\/wp-content\/uploads\/2023\/04\/IMG-20230413-WA0026.jpg\" alt=\"\" class=\"wp-image-28959\" srcset=\"https:\/\/blogdorogeriogomes.com.br\/noticias\/wp-content\/uploads\/2023\/04\/IMG-20230413-WA0026.jpg 1024w, https:\/\/blogdorogeriogomes.com.br\/noticias\/wp-content\/uploads\/2023\/04\/IMG-20230413-WA0026-300x200.jpg 300w, https:\/\/blogdorogeriogomes.com.br\/noticias\/wp-content\/uploads\/2023\/04\/IMG-20230413-WA0026-768x512.jpg 768w, https:\/\/blogdorogeriogomes.com.br\/noticias\/wp-content\/uploads\/2023\/04\/IMG-20230413-WA0026-800x533.jpg 800w\" sizes=\"auto, (max-width: 1024px) 100vw, 1024px\" \/><\/figure>\n","protected":false},"excerpt":{"rendered":"<p>A ex-presidente da Rep\u00fablica\u00a0Dilma Rousseff tomou posse como presidente do Novo Banco de Desenvolvimento (NBD), tamb\u00e9m conhecido como &#8220;Banco dos\u00a0Brics&#8221;, nesta quinta-feira, dia 13 de abril. O presidente Lula tamb\u00e9m participou da cerim\u00f4nia de posse, feita em Xangai, na China. O mandato de Dilma como presidente do banco dos Brics vai at\u00e9 julho de 2025. Ela foi indicada ao cargo pelo governo Lula.\u00a0O banco \u00e9 formado originalmente por Brasil, R\u00fassia, \u00cdndia, China e \u00c1frica do Sul. Depois, passaram a&hellip;<\/p>\n","protected":false},"author":1,"featured_media":0,"comment_status":"open","ping_status":"open","sticky":false,"template":"","format":"standard","meta":{"footnotes":""},"categories":[1],"tags":[],"class_list":["post-28958","post","type-post","status-publish","format-standard","hentry","category-noticias"],"_links":{"self":[{"href":"https:\/\/blogdorogeriogomes.com.br\/noticias\/wp-json\/wp\/v2\/posts\/28958","targetHints":{"allow":["GET"]}}],"collection":[{"href":"https:\/\/blogdorogeriogomes.com.br\/noticias\/wp-json\/wp\/v2\/posts"}],"about":[{"href":"https:\/\/blogdorogeriogomes.com.br\/noticias\/wp-json\/wp\/v2\/types\/post"}],"author":[{"embeddable":true,"href":"https:\/\/blogdorogeriogomes.com.br\/noticias\/wp-json\/wp\/v2\/users\/1"}],"replies":[{"embeddable":true,"href":"https:\/\/blogdorogeriogomes.com.br\/noticias\/wp-json\/wp\/v2\/comments?post=28958"}],"version-history":[{"count":1,"href":"https:\/\/blogdorogeriogomes.com.br\/noticias\/wp-json\/wp\/v2\/posts\/28958\/revisions"}],"predecessor-version":[{"id":28960,"href":"https:\/\/blogdorogeriogomes.com.br\/noticias\/wp-json\/wp\/v2\/posts\/28958\/revisions\/28960"}],"wp:attachment":[{"href":"https:\/\/blogdorogeriogomes.com.br\/noticias\/wp-json\/wp\/v2\/media?parent=28958"}],"wp:term":[{"taxonomy":"category","embeddable":true,"href":"https:\/\/blogdorogeriogomes.com.br\/noticias\/wp-json\/wp\/v2\/categories?post=28958"},{"taxonomy":"post_tag","embeddable":true,"href":"https:\/\/blogdorogeriogomes.com.br\/noticias\/wp-json\/wp\/v2\/tags?post=28958"}],"curies":[{"name":"wp","href":"https:\/\/api.w.org\/{rel}","templated":true}]}}