{"id":28961,"date":"2023-04-14T10:10:09","date_gmt":"2023-04-14T10:10:09","guid":{"rendered":"https:\/\/blogdorogeriogomes.com.br\/?p=28961"},"modified":"2023-04-17T17:51:56","modified_gmt":"2023-04-17T17:51:56","slug":"forca-tarefa-da-seguranca-publica-vai-atuar-no-combate-a-violencia-em-escolas-da-capital-e-interior","status":"publish","type":"post","link":"https:\/\/blogdorogeriogomes.com.br\/noticias\/2023\/04\/forca-tarefa-da-seguranca-publica-vai-atuar-no-combate-a-violencia-em-escolas-da-capital-e-interior\/","title":{"rendered":"For\u00e7a-tarefa da seguran\u00e7a p\u00fablica vai atuar no combate \u00e0 viol\u00eancia em escolas da Capital e interior"},"content":{"rendered":"\n<p>Os \u00faltimos casos de ataques a escolas no Pa\u00eds, incluindo o caso do munic\u00edpio de Farias Brito, no Cariri, desencadearam uma for\u00e7a-tarefa das for\u00e7as de seguran\u00e7a do Cear\u00e1 para refor\u00e7ar o policiamento no entorno de escolas p\u00fablicas e particulares do Estado. O Governo do Cear\u00e1 lan\u00e7ou tamb\u00e9m, nesta quinta-feira, dia 13 de abril, por meio das secretarias da Seguran\u00e7a P\u00fablica e Defesa Social e da Educa\u00e7\u00e3o, a cartilha de orienta\u00e7\u00f5es para a preven\u00e7\u00e3o e combate da viol\u00eancia dentro do ambiente escolar.&nbsp;<\/p>\n\n\n\n<p>A cartilha foi apresentada durante reuni\u00e3o que contou com representantes da educa\u00e7\u00e3o e seguran\u00e7a do Estado, do Minist\u00e9rio P\u00fablico do Cear\u00e1 (MPCE), da Associa\u00e7\u00e3o dos Munic\u00edpios do Estado do Cear\u00e1 (Aprece), Sindicato das Escolas Particulares e outros \u00f3rg\u00e3os.<\/p>\n\n\n\n<p>Na reuni\u00e3o foram debatidas estrat\u00e9gias para coibir poss\u00edveis ocorr\u00eancias relacionadas a supostas amea\u00e7as em institui\u00e7\u00f5es de ensino. Ainda na reuni\u00e3o, uma cartilha com orienta\u00e7\u00f5es sobre como agir em uma eventual situa\u00e7\u00e3o de risco, voltada para pais, professores, estudantes e funcion\u00e1rios de institui\u00e7\u00f5es de ensino, foi apresentada.<\/p>\n\n\n\n<p>Com o trabalho de intelig\u00eancia e investiga\u00e7\u00e3o, que vem sendo realizado de forma conjunta pela Coordenadoria de Intelig\u00eancia (Coin) da SSPDS e pelo Departamento de Intelig\u00eancia Policial (DIP), 49 perfis em m\u00eddias sociais est\u00e3o sendo monitorados. Destes, 35 autorias j\u00e1 foram identificadas e outras 14 est\u00e3o em an\u00e1lise. Ao todo, 22 pessoas foram conduzidas a unidades da Pol\u00edcia Civil.<\/p>\n\n\n\n<figure class=\"wp-block-image size-large\"><img loading=\"lazy\" decoding=\"async\" width=\"1024\" height=\"683\" src=\"https:\/\/blogdorogeriogomes.com.br\/wp-content\/uploads\/2023\/04\/SSPDS-Seduc-MPCE-Aprece-PF-PMF-e-sindicato-das-escolas-particulares-alinham-acoes-de-seguranca-2-1200x800-1-1024x683.jpeg\" alt=\"\" class=\"wp-image-28962\" srcset=\"https:\/\/blogdorogeriogomes.com.br\/noticias\/wp-content\/uploads\/2023\/04\/SSPDS-Seduc-MPCE-Aprece-PF-PMF-e-sindicato-das-escolas-particulares-alinham-acoes-de-seguranca-2-1200x800-1-1024x683.jpeg 1024w, https:\/\/blogdorogeriogomes.com.br\/noticias\/wp-content\/uploads\/2023\/04\/SSPDS-Seduc-MPCE-Aprece-PF-PMF-e-sindicato-das-escolas-particulares-alinham-acoes-de-seguranca-2-1200x800-1-300x200.jpeg 300w, https:\/\/blogdorogeriogomes.com.br\/noticias\/wp-content\/uploads\/2023\/04\/SSPDS-Seduc-MPCE-Aprece-PF-PMF-e-sindicato-das-escolas-particulares-alinham-acoes-de-seguranca-2-1200x800-1-768x512.jpeg 768w, https:\/\/blogdorogeriogomes.com.br\/noticias\/wp-content\/uploads\/2023\/04\/SSPDS-Seduc-MPCE-Aprece-PF-PMF-e-sindicato-das-escolas-particulares-alinham-acoes-de-seguranca-2-1200x800-1-800x533.jpeg 800w, https:\/\/blogdorogeriogomes.com.br\/noticias\/wp-content\/uploads\/2023\/04\/SSPDS-Seduc-MPCE-Aprece-PF-PMF-e-sindicato-das-escolas-particulares-alinham-acoes-de-seguranca-2-1200x800-1.jpeg 1200w\" sizes=\"auto, (max-width: 1024px) 100vw, 1024px\" \/><\/figure>\n","protected":false},"excerpt":{"rendered":"<p>Os \u00faltimos casos de ataques a escolas no Pa\u00eds, incluindo o caso do munic\u00edpio de Farias Brito, no Cariri, desencadearam uma for\u00e7a-tarefa das for\u00e7as de seguran\u00e7a do Cear\u00e1 para refor\u00e7ar o policiamento no entorno de escolas p\u00fablicas e particulares do Estado. O Governo do Cear\u00e1 lan\u00e7ou tamb\u00e9m, nesta quinta-feira, dia 13 de abril, por meio das secretarias da Seguran\u00e7a P\u00fablica e Defesa Social e da Educa\u00e7\u00e3o, a cartilha de orienta\u00e7\u00f5es para a preven\u00e7\u00e3o e combate da viol\u00eancia dentro do&hellip;<\/p>\n","protected":false},"author":1,"featured_media":28962,"comment_status":"open","ping_status":"open","sticky":false,"template":"","format":"standard","meta":{"footnotes":""},"categories":[1],"tags":[],"class_list":["post-28961","post","type-post","status-publish","format-standard","has-post-thumbnail","hentry","category-noticias"],"_links":{"self":[{"href":"https:\/\/blogdorogeriogomes.com.br\/noticias\/wp-json\/wp\/v2\/posts\/28961","targetHints":{"allow":["GET"]}}],"collection":[{"href":"https:\/\/blogdorogeriogomes.com.br\/noticias\/wp-json\/wp\/v2\/posts"}],"about":[{"href":"https:\/\/blogdorogeriogomes.com.br\/noticias\/wp-json\/wp\/v2\/types\/post"}],"author":[{"embeddable":true,"href":"https:\/\/blogdorogeriogomes.com.br\/noticias\/wp-json\/wp\/v2\/users\/1"}],"replies":[{"embeddable":true,"href":"https:\/\/blogdorogeriogomes.com.br\/noticias\/wp-json\/wp\/v2\/comments?post=28961"}],"version-history":[{"count":1,"href":"https:\/\/blogdorogeriogomes.com.br\/noticias\/wp-json\/wp\/v2\/posts\/28961\/revisions"}],"predecessor-version":[{"id":28963,"href":"https:\/\/blogdorogeriogomes.com.br\/noticias\/wp-json\/wp\/v2\/posts\/28961\/revisions\/28963"}],"wp:featuredmedia":[{"embeddable":true,"href":"https:\/\/blogdorogeriogomes.com.br\/noticias\/wp-json\/wp\/v2\/media\/28962"}],"wp:attachment":[{"href":"https:\/\/blogdorogeriogomes.com.br\/noticias\/wp-json\/wp\/v2\/media?parent=28961"}],"wp:term":[{"taxonomy":"category","embeddable":true,"href":"https:\/\/blogdorogeriogomes.com.br\/noticias\/wp-json\/wp\/v2\/categories?post=28961"},{"taxonomy":"post_tag","embeddable":true,"href":"https:\/\/blogdorogeriogomes.com.br\/noticias\/wp-json\/wp\/v2\/tags?post=28961"}],"curies":[{"name":"wp","href":"https:\/\/api.w.org\/{rel}","templated":true}]}}