{"id":28967,"date":"2023-04-14T10:57:03","date_gmt":"2023-04-14T10:57:03","guid":{"rendered":"https:\/\/blogdorogeriogomes.com.br\/?p=28967"},"modified":"2023-04-17T17:51:43","modified_gmt":"2023-04-17T17:51:43","slug":"prefeito-sarto-anuncia-pacote-de-investimentos-para-construcao-de-novos-postos-de-saude-reformas-e-contratacao-de-profissionais","status":"publish","type":"post","link":"https:\/\/blogdorogeriogomes.com.br\/noticias\/2023\/04\/prefeito-sarto-anuncia-pacote-de-investimentos-para-construcao-de-novos-postos-de-saude-reformas-e-contratacao-de-profissionais\/","title":{"rendered":"Prefeito Sarto anuncia pacote de investimentos para constru\u00e7\u00e3o de novos postos de sa\u00fade, reformas e contrata\u00e7\u00e3o de profissionais"},"content":{"rendered":"\n<p>O prefeito Jos\u00e9 Sarto anunciou, nesta quinta-feira, dia 13 de abril, um pacote de investimentos na aten\u00e7\u00e3o b\u00e1sica da Rede Municipal de Sa\u00fade aproveitando a passagem do anivers\u00e1rio de 297 anos da Capital.<\/p>\n\n\n\n<p>A iniciativa contemplar\u00e1 a constru\u00e7\u00e3o de 16 novos postos de sa\u00fade, a reforma de outros 96 e a total requalifica\u00e7\u00e3o de outras 8 unidades, al\u00e9m de novos quatro Centros de Aten\u00e7\u00e3o Psicossocial (CAPS). Ser\u00e3o investidos, aproximadamente, R$ 130 milh\u00f5es, com objetivo de garantir mais qualidade e efici\u00eancia nos servi\u00e7os \u00e0 popula\u00e7\u00e3o, al\u00e9m de proporcionar melhores condi\u00e7\u00f5es de trabalho para os profissionais. O pacote tamb\u00e9m inclui a reestrutura\u00e7\u00e3o da infraestrutura das seis Unidades de Pronto Atendimento (UPA).<\/p>\n\n\n\n<figure class=\"wp-block-image size-full\"><img loading=\"lazy\" decoding=\"async\" width=\"818\" height=\"459\" src=\"https:\/\/blogdorogeriogomes.com.br\/wp-content\/uploads\/2023\/04\/1_whatsapp_image_2023_04_13_at_13_04_15-21696040.jpeg\" alt=\"\" class=\"wp-image-28968\" srcset=\"https:\/\/blogdorogeriogomes.com.br\/noticias\/wp-content\/uploads\/2023\/04\/1_whatsapp_image_2023_04_13_at_13_04_15-21696040.jpeg 818w, https:\/\/blogdorogeriogomes.com.br\/noticias\/wp-content\/uploads\/2023\/04\/1_whatsapp_image_2023_04_13_at_13_04_15-21696040-300x168.jpeg 300w, https:\/\/blogdorogeriogomes.com.br\/noticias\/wp-content\/uploads\/2023\/04\/1_whatsapp_image_2023_04_13_at_13_04_15-21696040-768x431.jpeg 768w, https:\/\/blogdorogeriogomes.com.br\/noticias\/wp-content\/uploads\/2023\/04\/1_whatsapp_image_2023_04_13_at_13_04_15-21696040-800x449.jpeg 800w\" sizes=\"auto, (max-width: 818px) 100vw, 818px\" \/><\/figure>\n","protected":false},"excerpt":{"rendered":"<p>O prefeito Jos\u00e9 Sarto anunciou, nesta quinta-feira, dia 13 de abril, um pacote de investimentos na aten\u00e7\u00e3o b\u00e1sica da Rede Municipal de Sa\u00fade aproveitando a passagem do anivers\u00e1rio de 297 anos da Capital. A iniciativa contemplar\u00e1 a constru\u00e7\u00e3o de 16 novos postos de sa\u00fade, a reforma de outros 96 e a total requalifica\u00e7\u00e3o de outras 8 unidades, al\u00e9m de novos quatro Centros de Aten\u00e7\u00e3o Psicossocial (CAPS). Ser\u00e3o investidos, aproximadamente, R$ 130 milh\u00f5es, com objetivo de garantir mais qualidade e&hellip;<\/p>\n","protected":false},"author":1,"featured_media":28968,"comment_status":"open","ping_status":"open","sticky":false,"template":"","format":"standard","meta":{"footnotes":""},"categories":[1],"tags":[],"class_list":["post-28967","post","type-post","status-publish","format-standard","has-post-thumbnail","hentry","category-noticias"],"_links":{"self":[{"href":"https:\/\/blogdorogeriogomes.com.br\/noticias\/wp-json\/wp\/v2\/posts\/28967","targetHints":{"allow":["GET"]}}],"collection":[{"href":"https:\/\/blogdorogeriogomes.com.br\/noticias\/wp-json\/wp\/v2\/posts"}],"about":[{"href":"https:\/\/blogdorogeriogomes.com.br\/noticias\/wp-json\/wp\/v2\/types\/post"}],"author":[{"embeddable":true,"href":"https:\/\/blogdorogeriogomes.com.br\/noticias\/wp-json\/wp\/v2\/users\/1"}],"replies":[{"embeddable":true,"href":"https:\/\/blogdorogeriogomes.com.br\/noticias\/wp-json\/wp\/v2\/comments?post=28967"}],"version-history":[{"count":1,"href":"https:\/\/blogdorogeriogomes.com.br\/noticias\/wp-json\/wp\/v2\/posts\/28967\/revisions"}],"predecessor-version":[{"id":28969,"href":"https:\/\/blogdorogeriogomes.com.br\/noticias\/wp-json\/wp\/v2\/posts\/28967\/revisions\/28969"}],"wp:featuredmedia":[{"embeddable":true,"href":"https:\/\/blogdorogeriogomes.com.br\/noticias\/wp-json\/wp\/v2\/media\/28968"}],"wp:attachment":[{"href":"https:\/\/blogdorogeriogomes.com.br\/noticias\/wp-json\/wp\/v2\/media?parent=28967"}],"wp:term":[{"taxonomy":"category","embeddable":true,"href":"https:\/\/blogdorogeriogomes.com.br\/noticias\/wp-json\/wp\/v2\/categories?post=28967"},{"taxonomy":"post_tag","embeddable":true,"href":"https:\/\/blogdorogeriogomes.com.br\/noticias\/wp-json\/wp\/v2\/tags?post=28967"}],"curies":[{"name":"wp","href":"https:\/\/api.w.org\/{rel}","templated":true}]}}