{"id":28970,"date":"2023-04-14T14:42:24","date_gmt":"2023-04-14T14:42:24","guid":{"rendered":"https:\/\/blogdorogeriogomes.com.br\/?p=28970"},"modified":"2023-04-17T17:51:37","modified_gmt":"2023-04-17T17:51:37","slug":"expo-noivas-expo-beauty-movimentam-mercado-da-beleza-em-fortaleza-no-mes-de-junho","status":"publish","type":"post","link":"https:\/\/blogdorogeriogomes.com.br\/noticias\/2023\/04\/expo-noivas-expo-beauty-movimentam-mercado-da-beleza-em-fortaleza-no-mes-de-junho\/","title":{"rendered":"Expo Noivas &#038; Expo Beauty movimentam mercado da beleza em Fortaleza no m\u00eas de junho"},"content":{"rendered":"\n<p>A Expo Noivas &amp; Expo Beauty movimentam o mercado da beleza e dos noivos, em Fortaleza, no per\u00edodo entre 11 e 13 de junho. O evento ser\u00e1 realizado no hotel O\u00e1sis Atl\u00e2ntico, na avenida Beira-Mar. Os dois eventos v\u00eam com o intuito de fortalecer marcas e futuras parcerias entre empresas expositoras e clientes das \u00e1reas festa e casamentos.<\/p>\n\n\n\n<p>As duas exposi\u00e7\u00f5es de car\u00e1ter internacional j\u00e1 est\u00e3o com vagas abertas para expositores da beleza que desejam alavancar a sua marca no mercado e ser vistos por milhares de pessoas. Os stands t\u00eam metragens que variam de 6 a 35 m2, ficando a crit\u00e9rio do expositor. <\/p>\n\n\n\n<p>Al\u00e9m dos expositores, os tr\u00eas dias de eventos ter\u00e3o uma ampla programa\u00e7\u00e3o com workshops e palestras, com profissionais renomados no mercado. Participar\u00e3o da programa\u00e7\u00e3o, o empres\u00e1rio Magno Alves; a jornalista, Nat\u00e1lia Varela; o hair stylista Mario Ferr\u00e9; a estilista de moda em cabelo Jo Fernandes; a especialista em colorimetria e mechas Rose Nejeski; a embaixadora da oficina de beleza Mary Rocha; a cabeleireira dermoterapeuta capilar Elis Adriane Marques e o professor Rodney Ara\u00fajo.<\/p>\n\n\n\n<p>Outra novidade dessa edi\u00e7\u00e3o \u00e9 <em>A Batalha dos Barbeiros<\/em>, que traz profissionais de v\u00e1rias partes do Brasil e do mundo &#8220;hair&#8221;, que concorrer\u00e3o em duas categorias: Desenho e Corte para noivos. A batalha ocorrer\u00e1 nos tr\u00eas dias de eventos, onde os barbeiros inscritos se apresentar\u00e3o no palco, diante de uma equipe de jurados, entre eles, a madrinha &#8220;barber&#8221; do Brasil, \u00c9rika Nunes. Os jurados avaliar\u00e3o o desempenho quanto \u00e0 criatividade, t\u00e9cnicas e per\u00edcias. V\u00e3o estar em cena: cortes diferentes, com colora\u00e7\u00f5es localizadas, fazendo belos desenhos e do estilo, um meio de express\u00e3o.<\/p>\n\n\n\n<p>No \u00faltimo dia dos eventos, haver\u00e1 a premia\u00e7\u00e3o de in\u00fameras personalidades do Cear\u00e1 com um Trof\u00e9u Internacional, visando o reconhecimento de suas contribui\u00e7\u00f5es em diversas \u00e1reas do conhecimento. <\/p>\n\n\n\n<figure class=\"wp-block-image size-large\"><img loading=\"lazy\" decoding=\"async\" width=\"721\" height=\"1024\" src=\"https:\/\/blogdorogeriogomes.com.br\/wp-content\/uploads\/2023\/04\/IMG-20230414-WA0052-721x1024.jpg\" alt=\"\" class=\"wp-image-28971\" srcset=\"https:\/\/blogdorogeriogomes.com.br\/noticias\/wp-content\/uploads\/2023\/04\/IMG-20230414-WA0052-721x1024.jpg 721w, https:\/\/blogdorogeriogomes.com.br\/noticias\/wp-content\/uploads\/2023\/04\/IMG-20230414-WA0052-211x300.jpg 211w, https:\/\/blogdorogeriogomes.com.br\/noticias\/wp-content\/uploads\/2023\/04\/IMG-20230414-WA0052-768x1091.jpg 768w, https:\/\/blogdorogeriogomes.com.br\/noticias\/wp-content\/uploads\/2023\/04\/IMG-20230414-WA0052-1081x1536.jpg 1081w, https:\/\/blogdorogeriogomes.com.br\/noticias\/wp-content\/uploads\/2023\/04\/IMG-20230414-WA0052-800x1137.jpg 800w, https:\/\/blogdorogeriogomes.com.br\/noticias\/wp-content\/uploads\/2023\/04\/IMG-20230414-WA0052.jpg 1126w\" sizes=\"auto, (max-width: 721px) 100vw, 721px\" \/><\/figure>\n\n\n\n<figure class=\"wp-block-image size-large\"><img loading=\"lazy\" decoding=\"async\" width=\"1024\" height=\"730\" src=\"https:\/\/blogdorogeriogomes.com.br\/wp-content\/uploads\/2023\/04\/IMG-20230414-WA0053-1024x730.jpg\" alt=\"\" class=\"wp-image-28973\" srcset=\"https:\/\/blogdorogeriogomes.com.br\/noticias\/wp-content\/uploads\/2023\/04\/IMG-20230414-WA0053-1024x730.jpg 1024w, https:\/\/blogdorogeriogomes.com.br\/noticias\/wp-content\/uploads\/2023\/04\/IMG-20230414-WA0053-300x214.jpg 300w, https:\/\/blogdorogeriogomes.com.br\/noticias\/wp-content\/uploads\/2023\/04\/IMG-20230414-WA0053-768x548.jpg 768w, https:\/\/blogdorogeriogomes.com.br\/noticias\/wp-content\/uploads\/2023\/04\/IMG-20230414-WA0053-800x571.jpg 800w, https:\/\/blogdorogeriogomes.com.br\/noticias\/wp-content\/uploads\/2023\/04\/IMG-20230414-WA0053.jpg 1280w\" sizes=\"auto, (max-width: 1024px) 100vw, 1024px\" \/><\/figure>\n\n\n\n<p><\/p>\n\n\n\n<p><\/p>\n\n\n\n<p><\/p>\n\n\n\n<p><\/p>\n\n\n\n<p><\/p>\n","protected":false},"excerpt":{"rendered":"<p>A Expo Noivas &amp; Expo Beauty movimentam o mercado da beleza e dos noivos, em Fortaleza, no per\u00edodo entre 11 e 13 de junho. O evento ser\u00e1 realizado no hotel O\u00e1sis Atl\u00e2ntico, na avenida Beira-Mar. Os dois eventos v\u00eam com o intuito de fortalecer marcas e futuras parcerias entre empresas expositoras e clientes das \u00e1reas festa e casamentos. As duas exposi\u00e7\u00f5es de car\u00e1ter internacional j\u00e1 est\u00e3o com vagas abertas para expositores da beleza que desejam alavancar a sua marca&hellip;<\/p>\n","protected":false},"author":1,"featured_media":28971,"comment_status":"open","ping_status":"open","sticky":false,"template":"","format":"standard","meta":{"footnotes":""},"categories":[1],"tags":[],"class_list":["post-28970","post","type-post","status-publish","format-standard","has-post-thumbnail","hentry","category-noticias"],"_links":{"self":[{"href":"https:\/\/blogdorogeriogomes.com.br\/noticias\/wp-json\/wp\/v2\/posts\/28970","targetHints":{"allow":["GET"]}}],"collection":[{"href":"https:\/\/blogdorogeriogomes.com.br\/noticias\/wp-json\/wp\/v2\/posts"}],"about":[{"href":"https:\/\/blogdorogeriogomes.com.br\/noticias\/wp-json\/wp\/v2\/types\/post"}],"author":[{"embeddable":true,"href":"https:\/\/blogdorogeriogomes.com.br\/noticias\/wp-json\/wp\/v2\/users\/1"}],"replies":[{"embeddable":true,"href":"https:\/\/blogdorogeriogomes.com.br\/noticias\/wp-json\/wp\/v2\/comments?post=28970"}],"version-history":[{"count":1,"href":"https:\/\/blogdorogeriogomes.com.br\/noticias\/wp-json\/wp\/v2\/posts\/28970\/revisions"}],"predecessor-version":[{"id":28974,"href":"https:\/\/blogdorogeriogomes.com.br\/noticias\/wp-json\/wp\/v2\/posts\/28970\/revisions\/28974"}],"wp:featuredmedia":[{"embeddable":true,"href":"https:\/\/blogdorogeriogomes.com.br\/noticias\/wp-json\/wp\/v2\/media\/28971"}],"wp:attachment":[{"href":"https:\/\/blogdorogeriogomes.com.br\/noticias\/wp-json\/wp\/v2\/media?parent=28970"}],"wp:term":[{"taxonomy":"category","embeddable":true,"href":"https:\/\/blogdorogeriogomes.com.br\/noticias\/wp-json\/wp\/v2\/categories?post=28970"},{"taxonomy":"post_tag","embeddable":true,"href":"https:\/\/blogdorogeriogomes.com.br\/noticias\/wp-json\/wp\/v2\/tags?post=28970"}],"curies":[{"name":"wp","href":"https:\/\/api.w.org\/{rel}","templated":true}]}}