{"id":28983,"date":"2023-04-15T19:12:09","date_gmt":"2023-04-15T19:12:09","guid":{"rendered":"https:\/\/blogdorogeriogomes.com.br\/?p=28983"},"modified":"2023-04-17T17:51:17","modified_gmt":"2023-04-17T17:51:17","slug":"ciro-gomes-reaparece-em-convencao-municipal-do-pdt-que-elegeu-roberto-claudio-como-presidente","status":"publish","type":"post","link":"https:\/\/blogdorogeriogomes.com.br\/noticias\/2023\/04\/ciro-gomes-reaparece-em-convencao-municipal-do-pdt-que-elegeu-roberto-claudio-como-presidente\/","title":{"rendered":"Ciro Gomes reaparece em conven\u00e7\u00e3o municipal do PDT que elegeu Roberto Cl\u00e1udio como presidente"},"content":{"rendered":"\n<p>O ex-prefeito de Fortaleza, Roberto Cl\u00e1udio, vai comandar o diret\u00f3rio do PDT municipal no processo eleitoral do pr\u00f3ximo ano que escolher\u00e1 um novo prefeito e vereadores na Capital. A conven\u00e7\u00e3o do PDT foi realizada neste s\u00e1bado, dia 15 de abril, em um col\u00e9gio particular de Fortaleza com a presen\u00e7a do ex-ministro Ciro Gomes, do presidente nacional licenciado do PDT, ministro da Previd\u00eancia Social Carlos Lupi, e do atual presidente nacional e estadual, deputado federal Andr\u00e9 Figueiredo.<\/p>\n\n\n\n<p>O prefeito de Fortaleza, Jos\u00e9 Sarto, que dever\u00e1 ser candidato \u00e0 reelei\u00e7\u00e3o em 2024, ficar\u00e1 como vice-presidente do PDT em Fortaleza. Ele recebeu elogios de Ciro Gomes por sua administra\u00e7\u00e3o. &#8220;Esse&nbsp;prefeito que est\u00e1 fazendo um trabalho extraordin\u00e1rio, apesar de perseguido, apesar de n\u00e3o ajudado, vai fazer muito mais ainda&#8221;. Ciro justificou at\u00e9 a cobran\u00e7a da taxa de lixo em defesa de Sarto.<\/p>\n\n\n\n<p>Com Roberto Cl\u00e1udio \u00e0 frente do diret\u00f3rio municipal do PDT, ganha for\u00e7a a tese de parte da legenda de manter oposi\u00e7\u00e3o ao grupo do atual governador do Cear\u00e1, Elmano de Freitas (PT) e do ministro da Educa\u00e7\u00e3o, Camilo Santana (PT). Em n\u00edvel estadual, a maioria dos deputados estaduais defendem que o PDT seja aliado do Governo Estadual.<br><\/p>\n\n\n\n<figure class=\"wp-block-image size-large\"><img loading=\"lazy\" decoding=\"async\" width=\"1024\" height=\"768\" src=\"https:\/\/blogdorogeriogomes.com.br\/wp-content\/uploads\/2023\/04\/IMG-20230415-WA0083-1024x768.jpg\" alt=\"\" class=\"wp-image-28984\" srcset=\"https:\/\/blogdorogeriogomes.com.br\/noticias\/wp-content\/uploads\/2023\/04\/IMG-20230415-WA0083-1024x768.jpg 1024w, https:\/\/blogdorogeriogomes.com.br\/noticias\/wp-content\/uploads\/2023\/04\/IMG-20230415-WA0083-300x225.jpg 300w, https:\/\/blogdorogeriogomes.com.br\/noticias\/wp-content\/uploads\/2023\/04\/IMG-20230415-WA0083-768x576.jpg 768w, https:\/\/blogdorogeriogomes.com.br\/noticias\/wp-content\/uploads\/2023\/04\/IMG-20230415-WA0083-800x600.jpg 800w, https:\/\/blogdorogeriogomes.com.br\/noticias\/wp-content\/uploads\/2023\/04\/IMG-20230415-WA0083-400x300.jpg 400w, https:\/\/blogdorogeriogomes.com.br\/noticias\/wp-content\/uploads\/2023\/04\/IMG-20230415-WA0083.jpg 1080w\" sizes=\"auto, (max-width: 1024px) 100vw, 1024px\" \/><\/figure>\n","protected":false},"excerpt":{"rendered":"<p>O ex-prefeito de Fortaleza, Roberto Cl\u00e1udio, vai comandar o diret\u00f3rio do PDT municipal no processo eleitoral do pr\u00f3ximo ano que escolher\u00e1 um novo prefeito e vereadores na Capital. A conven\u00e7\u00e3o do PDT foi realizada neste s\u00e1bado, dia 15 de abril, em um col\u00e9gio particular de Fortaleza com a presen\u00e7a do ex-ministro Ciro Gomes, do presidente nacional licenciado do PDT, ministro da Previd\u00eancia Social Carlos Lupi, e do atual presidente nacional e estadual, deputado federal Andr\u00e9 Figueiredo. O prefeito de&hellip;<\/p>\n","protected":false},"author":1,"featured_media":28984,"comment_status":"open","ping_status":"open","sticky":false,"template":"","format":"standard","meta":{"footnotes":""},"categories":[1],"tags":[],"class_list":["post-28983","post","type-post","status-publish","format-standard","has-post-thumbnail","hentry","category-noticias"],"_links":{"self":[{"href":"https:\/\/blogdorogeriogomes.com.br\/noticias\/wp-json\/wp\/v2\/posts\/28983","targetHints":{"allow":["GET"]}}],"collection":[{"href":"https:\/\/blogdorogeriogomes.com.br\/noticias\/wp-json\/wp\/v2\/posts"}],"about":[{"href":"https:\/\/blogdorogeriogomes.com.br\/noticias\/wp-json\/wp\/v2\/types\/post"}],"author":[{"embeddable":true,"href":"https:\/\/blogdorogeriogomes.com.br\/noticias\/wp-json\/wp\/v2\/users\/1"}],"replies":[{"embeddable":true,"href":"https:\/\/blogdorogeriogomes.com.br\/noticias\/wp-json\/wp\/v2\/comments?post=28983"}],"version-history":[{"count":2,"href":"https:\/\/blogdorogeriogomes.com.br\/noticias\/wp-json\/wp\/v2\/posts\/28983\/revisions"}],"predecessor-version":[{"id":28994,"href":"https:\/\/blogdorogeriogomes.com.br\/noticias\/wp-json\/wp\/v2\/posts\/28983\/revisions\/28994"}],"wp:featuredmedia":[{"embeddable":true,"href":"https:\/\/blogdorogeriogomes.com.br\/noticias\/wp-json\/wp\/v2\/media\/28984"}],"wp:attachment":[{"href":"https:\/\/blogdorogeriogomes.com.br\/noticias\/wp-json\/wp\/v2\/media?parent=28983"}],"wp:term":[{"taxonomy":"category","embeddable":true,"href":"https:\/\/blogdorogeriogomes.com.br\/noticias\/wp-json\/wp\/v2\/categories?post=28983"},{"taxonomy":"post_tag","embeddable":true,"href":"https:\/\/blogdorogeriogomes.com.br\/noticias\/wp-json\/wp\/v2\/tags?post=28983"}],"curies":[{"name":"wp","href":"https:\/\/api.w.org\/{rel}","templated":true}]}}