{"id":28986,"date":"2023-04-17T11:05:53","date_gmt":"2023-04-17T11:05:53","guid":{"rendered":"https:\/\/blogdorogeriogomes.com.br\/?p=28986"},"modified":"2023-04-17T17:51:09","modified_gmt":"2023-04-17T17:51:09","slug":"arthur-lira-diz-nao-ver-dificuldade-para-arcabouco-fiscal-ser-aprovado-na-camara-dos-deputados","status":"publish","type":"post","link":"https:\/\/blogdorogeriogomes.com.br\/noticias\/2023\/04\/arthur-lira-diz-nao-ver-dificuldade-para-arcabouco-fiscal-ser-aprovado-na-camara-dos-deputados\/","title":{"rendered":"Arthur Lira diz n\u00e3o ver dificuldade para arcabou\u00e7o fiscal ser aprovado na C\u00e2mara dos Deputados"},"content":{"rendered":"\n<p>O &nbsp;presidente da C\u00e2mara dos Deputados, Arthur Lira, afirmou que, pelos moldes do novo arcabou\u00e7o fiscal apresentados pela equipe econ\u00f4mica do Governo Lula, n\u00e3o haver\u00e1 dificuldade para a mat\u00e9ria ser aprovada pelo Congresso. Com a chegada do texto na Casa, esperada para esta segunda-feira, dia 17 de abril, ele prometeu designar um relator rapidamente e em duas ou tr\u00eas semanas, no m\u00e1ximo, votar a proposta no Plen\u00e1rio da C\u00e2mara dos Deputados.<\/p>\n\n\n\n<p>A regra fiscal anunciada pela equipe econ\u00f4mica do ministro Fernando Haddad prev\u00ea um crescimento m\u00ednimo anual de 0,6% do gasto prim\u00e1rio e m\u00e1ximo de 2,5% acima da infla\u00e7\u00e3o. Dentro dessa banda definida pelo m\u00e1ximo e m\u00ednimo, o gasto prim\u00e1rio ser\u00e1 fixado como 70% do crescimento da receita do exerc\u00edcio anterior.<\/p>\n\n\n\n<figure class=\"wp-block-image size-full\"><img loading=\"lazy\" decoding=\"async\" width=\"640\" height=\"480\" src=\"https:\/\/blogdorogeriogomes.com.br\/wp-content\/uploads\/2023\/04\/images-3.jpeg\" alt=\"\" class=\"wp-image-28987\" srcset=\"https:\/\/blogdorogeriogomes.com.br\/noticias\/wp-content\/uploads\/2023\/04\/images-3.jpeg 640w, https:\/\/blogdorogeriogomes.com.br\/noticias\/wp-content\/uploads\/2023\/04\/images-3-300x225.jpeg 300w, https:\/\/blogdorogeriogomes.com.br\/noticias\/wp-content\/uploads\/2023\/04\/images-3-400x300.jpeg 400w\" sizes=\"auto, (max-width: 640px) 100vw, 640px\" \/><\/figure>\n","protected":false},"excerpt":{"rendered":"<p>O &nbsp;presidente da C\u00e2mara dos Deputados, Arthur Lira, afirmou que, pelos moldes do novo arcabou\u00e7o fiscal apresentados pela equipe econ\u00f4mica do Governo Lula, n\u00e3o haver\u00e1 dificuldade para a mat\u00e9ria ser aprovada pelo Congresso. Com a chegada do texto na Casa, esperada para esta segunda-feira, dia 17 de abril, ele prometeu designar um relator rapidamente e em duas ou tr\u00eas semanas, no m\u00e1ximo, votar a proposta no Plen\u00e1rio da C\u00e2mara dos Deputados. A regra fiscal anunciada pela equipe econ\u00f4mica do&hellip;<\/p>\n","protected":false},"author":1,"featured_media":28987,"comment_status":"open","ping_status":"open","sticky":false,"template":"","format":"standard","meta":{"footnotes":""},"categories":[1],"tags":[],"class_list":["post-28986","post","type-post","status-publish","format-standard","has-post-thumbnail","hentry","category-noticias"],"_links":{"self":[{"href":"https:\/\/blogdorogeriogomes.com.br\/noticias\/wp-json\/wp\/v2\/posts\/28986","targetHints":{"allow":["GET"]}}],"collection":[{"href":"https:\/\/blogdorogeriogomes.com.br\/noticias\/wp-json\/wp\/v2\/posts"}],"about":[{"href":"https:\/\/blogdorogeriogomes.com.br\/noticias\/wp-json\/wp\/v2\/types\/post"}],"author":[{"embeddable":true,"href":"https:\/\/blogdorogeriogomes.com.br\/noticias\/wp-json\/wp\/v2\/users\/1"}],"replies":[{"embeddable":true,"href":"https:\/\/blogdorogeriogomes.com.br\/noticias\/wp-json\/wp\/v2\/comments?post=28986"}],"version-history":[{"count":2,"href":"https:\/\/blogdorogeriogomes.com.br\/noticias\/wp-json\/wp\/v2\/posts\/28986\/revisions"}],"predecessor-version":[{"id":28993,"href":"https:\/\/blogdorogeriogomes.com.br\/noticias\/wp-json\/wp\/v2\/posts\/28986\/revisions\/28993"}],"wp:featuredmedia":[{"embeddable":true,"href":"https:\/\/blogdorogeriogomes.com.br\/noticias\/wp-json\/wp\/v2\/media\/28987"}],"wp:attachment":[{"href":"https:\/\/blogdorogeriogomes.com.br\/noticias\/wp-json\/wp\/v2\/media?parent=28986"}],"wp:term":[{"taxonomy":"category","embeddable":true,"href":"https:\/\/blogdorogeriogomes.com.br\/noticias\/wp-json\/wp\/v2\/categories?post=28986"},{"taxonomy":"post_tag","embeddable":true,"href":"https:\/\/blogdorogeriogomes.com.br\/noticias\/wp-json\/wp\/v2\/tags?post=28986"}],"curies":[{"name":"wp","href":"https:\/\/api.w.org\/{rel}","templated":true}]}}