{"id":28989,"date":"2023-04-17T11:29:03","date_gmt":"2023-04-17T11:29:03","guid":{"rendered":"https:\/\/blogdorogeriogomes.com.br\/?p=28989"},"modified":"2023-04-17T17:51:04","modified_gmt":"2023-04-17T17:51:04","slug":"ceara-inicia-a-semana-com-chuvas-em-todas-as-regioes-e-mais-recarga-nos-acudes-do-estado","status":"publish","type":"post","link":"https:\/\/blogdorogeriogomes.com.br\/noticias\/2023\/04\/ceara-inicia-a-semana-com-chuvas-em-todas-as-regioes-e-mais-recarga-nos-acudes-do-estado\/","title":{"rendered":"Cear\u00e1 inicia a semana com chuvas em todas as regi\u00f5es e mais recarga nos a\u00e7udes do estado"},"content":{"rendered":"\n<p>A Funceme aponta que a semana inicia com registro de chuvas em todas as regi\u00f5es do Cear\u00e1. Nesta segunda-feira, dia 17 de abril, e ter\u00e7a-feira, dia 18, s\u00e3o esperadas precipita\u00e7\u00f5es mais intensas nas regi\u00f5es do Cariri, da faixa litor\u00e2nea, Ibiapaba e Sert\u00e3o Central Inhamuns.<\/p>\n\n\n\n<p>As boas chuvas de mar\u00e7o e abril t\u00eam garantido a recarga de a\u00e7udes no interior do Estado. O a\u00e7ude Castanh\u00e3o, maior reservat\u00f3rio de \u00e1gua do Cear\u00e1, atingiu o seu&nbsp;melhor volume em quase 10 anos&nbsp;na sexta-feira passada, dia 14. O a\u00e7ude chegou a 30,19% da sua capacidade total. A \u00faltima vez em que esteve&nbsp;em torno&nbsp;de 30% foi em outubro de 2014.<\/p>\n\n\n\n<figure class=\"wp-block-image size-full\"><img loading=\"lazy\" decoding=\"async\" width=\"984\" height=\"543\" src=\"https:\/\/blogdorogeriogomes.com.br\/wp-content\/uploads\/2023\/04\/castanhao.jpeg\" alt=\"\" class=\"wp-image-28990\" srcset=\"https:\/\/blogdorogeriogomes.com.br\/noticias\/wp-content\/uploads\/2023\/04\/castanhao.jpeg 984w, https:\/\/blogdorogeriogomes.com.br\/noticias\/wp-content\/uploads\/2023\/04\/castanhao-300x166.jpeg 300w, https:\/\/blogdorogeriogomes.com.br\/noticias\/wp-content\/uploads\/2023\/04\/castanhao-768x424.jpeg 768w, https:\/\/blogdorogeriogomes.com.br\/noticias\/wp-content\/uploads\/2023\/04\/castanhao-800x441.jpeg 800w\" sizes=\"auto, (max-width: 984px) 100vw, 984px\" \/><\/figure>\n","protected":false},"excerpt":{"rendered":"<p>A Funceme aponta que a semana inicia com registro de chuvas em todas as regi\u00f5es do Cear\u00e1. Nesta segunda-feira, dia 17 de abril, e ter\u00e7a-feira, dia 18, s\u00e3o esperadas precipita\u00e7\u00f5es mais intensas nas regi\u00f5es do Cariri, da faixa litor\u00e2nea, Ibiapaba e Sert\u00e3o Central Inhamuns. As boas chuvas de mar\u00e7o e abril t\u00eam garantido a recarga de a\u00e7udes no interior do Estado. O a\u00e7ude Castanh\u00e3o, maior reservat\u00f3rio de \u00e1gua do Cear\u00e1, atingiu o seu&nbsp;melhor volume em quase 10 anos&nbsp;na sexta-feira&hellip;<\/p>\n","protected":false},"author":1,"featured_media":28990,"comment_status":"open","ping_status":"open","sticky":false,"template":"","format":"standard","meta":{"footnotes":""},"categories":[1],"tags":[],"class_list":["post-28989","post","type-post","status-publish","format-standard","has-post-thumbnail","hentry","category-noticias"],"_links":{"self":[{"href":"https:\/\/blogdorogeriogomes.com.br\/noticias\/wp-json\/wp\/v2\/posts\/28989","targetHints":{"allow":["GET"]}}],"collection":[{"href":"https:\/\/blogdorogeriogomes.com.br\/noticias\/wp-json\/wp\/v2\/posts"}],"about":[{"href":"https:\/\/blogdorogeriogomes.com.br\/noticias\/wp-json\/wp\/v2\/types\/post"}],"author":[{"embeddable":true,"href":"https:\/\/blogdorogeriogomes.com.br\/noticias\/wp-json\/wp\/v2\/users\/1"}],"replies":[{"embeddable":true,"href":"https:\/\/blogdorogeriogomes.com.br\/noticias\/wp-json\/wp\/v2\/comments?post=28989"}],"version-history":[{"count":2,"href":"https:\/\/blogdorogeriogomes.com.br\/noticias\/wp-json\/wp\/v2\/posts\/28989\/revisions"}],"predecessor-version":[{"id":28992,"href":"https:\/\/blogdorogeriogomes.com.br\/noticias\/wp-json\/wp\/v2\/posts\/28989\/revisions\/28992"}],"wp:featuredmedia":[{"embeddable":true,"href":"https:\/\/blogdorogeriogomes.com.br\/noticias\/wp-json\/wp\/v2\/media\/28990"}],"wp:attachment":[{"href":"https:\/\/blogdorogeriogomes.com.br\/noticias\/wp-json\/wp\/v2\/media?parent=28989"}],"wp:term":[{"taxonomy":"category","embeddable":true,"href":"https:\/\/blogdorogeriogomes.com.br\/noticias\/wp-json\/wp\/v2\/categories?post=28989"},{"taxonomy":"post_tag","embeddable":true,"href":"https:\/\/blogdorogeriogomes.com.br\/noticias\/wp-json\/wp\/v2\/tags?post=28989"}],"curies":[{"name":"wp","href":"https:\/\/api.w.org\/{rel}","templated":true}]}}