{"id":29002,"date":"2023-04-17T20:43:32","date_gmt":"2023-04-17T20:43:32","guid":{"rendered":"https:\/\/blogdorogeriogomes.com.br\/?p=29002"},"modified":"2023-04-18T11:39:25","modified_gmt":"2023-04-18T11:39:25","slug":"vereadores-de-oposicao-acionam-mpf-para-tentar-revogar-taxa-do-lixo-em-fortaleza","status":"publish","type":"post","link":"https:\/\/blogdorogeriogomes.com.br\/noticias\/2023\/04\/vereadores-de-oposicao-acionam-mpf-para-tentar-revogar-taxa-do-lixo-em-fortaleza\/","title":{"rendered":"Vereadores de oposi\u00e7\u00e3o acionam MPF para tentar revogar taxa do lixo em Fortaleza"},"content":{"rendered":"\n<p>Vereadores de Fortaleza que fazem oposi\u00e7\u00e3o ao prefeito Jos\u00e9 Sarto (PDT) acionaram nesta segunda-feira, dia 17 de abril, o Minist\u00e9rio P\u00fablico Federal (MPF) para tentar revogar a cobran\u00e7a da taxa de lixo na Capital, que teve in\u00edcio neste m\u00eas de abril. Os parlamentares pedem a declara\u00e7\u00e3o de inconstitucionalidade da lei que criou o novo imposto. Eles foram recebidos pelo procurador-chefe do MPF, Marcelo Mesquita Monte.<\/p>\n\n\n\n<p>O grupo de vereadores tamb\u00e9m promete acionar a Procuradoria-Geral do Estado, ao Conselho Federal da Ordem dos Advogados do Brasil e o Supremo Tribunal Federal para barrar a cobran\u00e7a.<\/p>\n\n\n\n<p>Assinam as a\u00e7\u00f5es os vereadores J\u00falio Brizzi (PDT), Enfermeira Ana Paula (PDT), Professora Adriana (PT), Dr. Vicente(PT), Gabriel Aguiar (Psol), Adriana Nossa Cara (Psol), Estrela Barros (Rede), Danilo Lopes (Avante), Eudes Bringel (PSB) e L\u00e9o Couto (PSB), assim como o deputado Guilherme Sampaio (PT).<\/p>\n\n\n\n<p>O prefeito Jos\u00e9 Sarto (PDT) j\u00e1 declarou que a cobran\u00e7a da taxa de lixo \u00e9 &#8220;irrevers\u00edvel&#8221; e destaca que o \u00edndice de isen\u00e7\u00e3o para a nova cobran\u00e7a atinge at\u00e9 70% dos im\u00f3veis da Capital.&nbsp;Sarto acrescentou que a taxa segue imposi\u00e7\u00e3o legal pelo novo Marco Regulat\u00f3rio do Saneamento.<\/p>\n\n\n\n<figure class=\"wp-block-image size-full\"><img loading=\"lazy\" decoding=\"async\" width=\"750\" height=\"500\" src=\"https:\/\/blogdorogeriogomes.com.br\/wp-content\/uploads\/2023\/04\/vereadores-fortal.jpeg\" alt=\"\" class=\"wp-image-29003\" srcset=\"https:\/\/blogdorogeriogomes.com.br\/noticias\/wp-content\/uploads\/2023\/04\/vereadores-fortal.jpeg 750w, https:\/\/blogdorogeriogomes.com.br\/noticias\/wp-content\/uploads\/2023\/04\/vereadores-fortal-300x200.jpeg 300w\" sizes=\"auto, (max-width: 750px) 100vw, 750px\" \/><\/figure>\n","protected":false},"excerpt":{"rendered":"<p>Vereadores de Fortaleza que fazem oposi\u00e7\u00e3o ao prefeito Jos\u00e9 Sarto (PDT) acionaram nesta segunda-feira, dia 17 de abril, o Minist\u00e9rio P\u00fablico Federal (MPF) para tentar revogar a cobran\u00e7a da taxa de lixo na Capital, que teve in\u00edcio neste m\u00eas de abril. Os parlamentares pedem a declara\u00e7\u00e3o de inconstitucionalidade da lei que criou o novo imposto. Eles foram recebidos pelo procurador-chefe do MPF, Marcelo Mesquita Monte. O grupo de vereadores tamb\u00e9m promete acionar a Procuradoria-Geral do Estado, ao Conselho Federal&hellip;<\/p>\n","protected":false},"author":1,"featured_media":29003,"comment_status":"open","ping_status":"open","sticky":false,"template":"","format":"standard","meta":{"footnotes":""},"categories":[1],"tags":[],"class_list":["post-29002","post","type-post","status-publish","format-standard","has-post-thumbnail","hentry","category-noticias"],"_links":{"self":[{"href":"https:\/\/blogdorogeriogomes.com.br\/noticias\/wp-json\/wp\/v2\/posts\/29002","targetHints":{"allow":["GET"]}}],"collection":[{"href":"https:\/\/blogdorogeriogomes.com.br\/noticias\/wp-json\/wp\/v2\/posts"}],"about":[{"href":"https:\/\/blogdorogeriogomes.com.br\/noticias\/wp-json\/wp\/v2\/types\/post"}],"author":[{"embeddable":true,"href":"https:\/\/blogdorogeriogomes.com.br\/noticias\/wp-json\/wp\/v2\/users\/1"}],"replies":[{"embeddable":true,"href":"https:\/\/blogdorogeriogomes.com.br\/noticias\/wp-json\/wp\/v2\/comments?post=29002"}],"version-history":[{"count":2,"href":"https:\/\/blogdorogeriogomes.com.br\/noticias\/wp-json\/wp\/v2\/posts\/29002\/revisions"}],"predecessor-version":[{"id":29017,"href":"https:\/\/blogdorogeriogomes.com.br\/noticias\/wp-json\/wp\/v2\/posts\/29002\/revisions\/29017"}],"wp:featuredmedia":[{"embeddable":true,"href":"https:\/\/blogdorogeriogomes.com.br\/noticias\/wp-json\/wp\/v2\/media\/29003"}],"wp:attachment":[{"href":"https:\/\/blogdorogeriogomes.com.br\/noticias\/wp-json\/wp\/v2\/media?parent=29002"}],"wp:term":[{"taxonomy":"category","embeddable":true,"href":"https:\/\/blogdorogeriogomes.com.br\/noticias\/wp-json\/wp\/v2\/categories?post=29002"},{"taxonomy":"post_tag","embeddable":true,"href":"https:\/\/blogdorogeriogomes.com.br\/noticias\/wp-json\/wp\/v2\/tags?post=29002"}],"curies":[{"name":"wp","href":"https:\/\/api.w.org\/{rel}","templated":true}]}}