{"id":29005,"date":"2023-04-18T00:26:35","date_gmt":"2023-04-18T00:26:35","guid":{"rendered":"https:\/\/blogdorogeriogomes.com.br\/?p=29005"},"modified":"2023-04-18T11:39:18","modified_gmt":"2023-04-18T11:39:18","slug":"pgr-pede-prisao-de-sergio-moro-apos-declaracao-que-ministro-gilmar-mendes-vendia-habeas-corpus","status":"publish","type":"post","link":"https:\/\/blogdorogeriogomes.com.br\/noticias\/2023\/04\/pgr-pede-prisao-de-sergio-moro-apos-declaracao-que-ministro-gilmar-mendes-vendia-habeas-corpus\/","title":{"rendered":"PGR pede pris\u00e3o de Sergio Moro ap\u00f3s declara\u00e7\u00e3o que ministro Gilmar Mendes vendia habeas corpus"},"content":{"rendered":"\n<p>O senador e ex-juiz Sergio Moro se complicou ap\u00f3s declara\u00e7\u00e3o de que o ministro do STF, Gilmar Mendes, vendia habeas corpus. A Procuradoria-Geral da Rep\u00fablica (PGR) apresentou ao Supremo Tribunal Federal (STF) den\u00fancia contra Moro por cal\u00fania contra o ministro Gilmar Mendes.<\/p>\n\n\n\n<p>A vice-procuradora geral da Rep\u00fablica Lind\u00f4ra Ara\u00fajo pede que S\u00e9rgio Moro seja condenado e que, se a pena for superior a quatro anos de pris\u00e3o, ele perca o mandato de senador.<\/p>\n\n\n\n<p>Moro cometeu o crime de cal\u00fania contra o ministro do STF ao sugerir que o magistrado pratica corrup\u00e7\u00e3o passiva, argumenta a PGR. Moro estava ciente da gravidade do que estava dizendo e o fez em p\u00fablico, na frente de muitas pessoas, e sabendo que estava sendo filmado, diz ainda o \u00f3rg\u00e3o.&nbsp;<\/p>\n\n\n\n<p>Sergio Moro tamb\u00e9m tem outra preocupa\u00e7\u00e3o. Nesta semana, o advogado Tacla Duran deve vir ao Brasil para prestar depoimento ao juiz da Lava Jato e entregar provas da extors\u00e3o praticada por aliados de Moro e Deltan Dallagnol, na \u00e9poca que os dois comandavam a opera\u00e7\u00e3o na Justi\u00e7a do Paran\u00e1.<\/p>\n\n\n\n<figure class=\"wp-block-image size-full\"><img loading=\"lazy\" decoding=\"async\" width=\"615\" height=\"300\" src=\"https:\/\/blogdorogeriogomes.com.br\/wp-content\/uploads\/2023\/04\/images-4.jpeg\" alt=\"\" class=\"wp-image-29006\" srcset=\"https:\/\/blogdorogeriogomes.com.br\/noticias\/wp-content\/uploads\/2023\/04\/images-4.jpeg 615w, https:\/\/blogdorogeriogomes.com.br\/noticias\/wp-content\/uploads\/2023\/04\/images-4-300x146.jpeg 300w\" sizes=\"auto, (max-width: 615px) 100vw, 615px\" \/><\/figure>\n","protected":false},"excerpt":{"rendered":"<p>O senador e ex-juiz Sergio Moro se complicou ap\u00f3s declara\u00e7\u00e3o de que o ministro do STF, Gilmar Mendes, vendia habeas corpus. A Procuradoria-Geral da Rep\u00fablica (PGR) apresentou ao Supremo Tribunal Federal (STF) den\u00fancia contra Moro por cal\u00fania contra o ministro Gilmar Mendes. A vice-procuradora geral da Rep\u00fablica Lind\u00f4ra Ara\u00fajo pede que S\u00e9rgio Moro seja condenado e que, se a pena for superior a quatro anos de pris\u00e3o, ele perca o mandato de senador. Moro cometeu o crime de cal\u00fania&hellip;<\/p>\n","protected":false},"author":1,"featured_media":29006,"comment_status":"open","ping_status":"open","sticky":false,"template":"","format":"standard","meta":{"footnotes":""},"categories":[1],"tags":[],"class_list":["post-29005","post","type-post","status-publish","format-standard","has-post-thumbnail","hentry","category-noticias"],"_links":{"self":[{"href":"https:\/\/blogdorogeriogomes.com.br\/noticias\/wp-json\/wp\/v2\/posts\/29005","targetHints":{"allow":["GET"]}}],"collection":[{"href":"https:\/\/blogdorogeriogomes.com.br\/noticias\/wp-json\/wp\/v2\/posts"}],"about":[{"href":"https:\/\/blogdorogeriogomes.com.br\/noticias\/wp-json\/wp\/v2\/types\/post"}],"author":[{"embeddable":true,"href":"https:\/\/blogdorogeriogomes.com.br\/noticias\/wp-json\/wp\/v2\/users\/1"}],"replies":[{"embeddable":true,"href":"https:\/\/blogdorogeriogomes.com.br\/noticias\/wp-json\/wp\/v2\/comments?post=29005"}],"version-history":[{"count":2,"href":"https:\/\/blogdorogeriogomes.com.br\/noticias\/wp-json\/wp\/v2\/posts\/29005\/revisions"}],"predecessor-version":[{"id":29016,"href":"https:\/\/blogdorogeriogomes.com.br\/noticias\/wp-json\/wp\/v2\/posts\/29005\/revisions\/29016"}],"wp:featuredmedia":[{"embeddable":true,"href":"https:\/\/blogdorogeriogomes.com.br\/noticias\/wp-json\/wp\/v2\/media\/29006"}],"wp:attachment":[{"href":"https:\/\/blogdorogeriogomes.com.br\/noticias\/wp-json\/wp\/v2\/media?parent=29005"}],"wp:term":[{"taxonomy":"category","embeddable":true,"href":"https:\/\/blogdorogeriogomes.com.br\/noticias\/wp-json\/wp\/v2\/categories?post=29005"},{"taxonomy":"post_tag","embeddable":true,"href":"https:\/\/blogdorogeriogomes.com.br\/noticias\/wp-json\/wp\/v2\/tags?post=29005"}],"curies":[{"name":"wp","href":"https:\/\/api.w.org\/{rel}","templated":true}]}}