{"id":29008,"date":"2023-04-18T09:21:48","date_gmt":"2023-04-18T09:21:48","guid":{"rendered":"https:\/\/blogdorogeriogomes.com.br\/?p=29008"},"modified":"2023-04-18T11:39:11","modified_gmt":"2023-04-18T11:39:11","slug":"elmano-de-freitas-retorna-da-china-e-cumpre-agenda-em-brasilia-com-ministro-de-minas-e-energia","status":"publish","type":"post","link":"https:\/\/blogdorogeriogomes.com.br\/noticias\/2023\/04\/elmano-de-freitas-retorna-da-china-e-cumpre-agenda-em-brasilia-com-ministro-de-minas-e-energia\/","title":{"rendered":"Elmano de Freitas retorna da China e cumpre agenda em Bras\u00edlia com ministro de Minas e Energia"},"content":{"rendered":"\n<p>O governador do Cear\u00e1, Elmano de Freitas, retornou da viagem \u00e0 China, quando integrou a comitiva do presidente Lula, e j\u00e1 cumpriu agenda nesta segunda-feira, dia 17 de abril, em Bras\u00edlia. Ele estive reunido com o ministro de Minas e Energia, Alexandre Silveira, com representantes da empresa Fortescue e os senadores cearenses Augusta Brito (PT) e Cid Gomes (PDT).<\/p>\n\n\n\n<p>Na pauta do encontro estiveram as licen\u00e7as necess\u00e1rias para viabilizar a produ\u00e7\u00e3o de energia off shore no Cear\u00e1. A inten\u00e7\u00e3o \u00e9 consolidar o Hub do hidrog\u00eanio verde no estado.<\/p>\n\n\n\n<p>&#8220;Tratamos tamb\u00e9m sobre a linha de transmiss\u00e3o de energia que vai passar pelo Cear\u00e1 e Rio Grande do Norte, o que pode tornar o nordeste brasileiro ainda mais atraente para empresas que pretendem se instalar na regi\u00e3o para desenvolver energias renov\u00e1veis e comercializ\u00e1-las a um custo menor&#8221;, acrescentou Elmano de Freitas.<\/p>\n\n\n\n<figure class=\"wp-block-image size-large\"><img loading=\"lazy\" decoding=\"async\" width=\"1024\" height=\"685\" src=\"https:\/\/blogdorogeriogomes.com.br\/wp-content\/uploads\/2023\/04\/IMG-20230418-WA0007-1024x685.jpg\" alt=\"\" class=\"wp-image-29009\" srcset=\"https:\/\/blogdorogeriogomes.com.br\/noticias\/wp-content\/uploads\/2023\/04\/IMG-20230418-WA0007-1024x685.jpg 1024w, https:\/\/blogdorogeriogomes.com.br\/noticias\/wp-content\/uploads\/2023\/04\/IMG-20230418-WA0007-300x201.jpg 300w, https:\/\/blogdorogeriogomes.com.br\/noticias\/wp-content\/uploads\/2023\/04\/IMG-20230418-WA0007-768x513.jpg 768w, https:\/\/blogdorogeriogomes.com.br\/noticias\/wp-content\/uploads\/2023\/04\/IMG-20230418-WA0007-800x535.jpg 800w, https:\/\/blogdorogeriogomes.com.br\/noticias\/wp-content\/uploads\/2023\/04\/IMG-20230418-WA0007.jpg 1080w\" sizes=\"auto, (max-width: 1024px) 100vw, 1024px\" \/><\/figure>\n","protected":false},"excerpt":{"rendered":"<p>O governador do Cear\u00e1, Elmano de Freitas, retornou da viagem \u00e0 China, quando integrou a comitiva do presidente Lula, e j\u00e1 cumpriu agenda nesta segunda-feira, dia 17 de abril, em Bras\u00edlia. Ele estive reunido com o ministro de Minas e Energia, Alexandre Silveira, com representantes da empresa Fortescue e os senadores cearenses Augusta Brito (PT) e Cid Gomes (PDT). Na pauta do encontro estiveram as licen\u00e7as necess\u00e1rias para viabilizar a produ\u00e7\u00e3o de energia off shore no Cear\u00e1. A inten\u00e7\u00e3o&hellip;<\/p>\n","protected":false},"author":1,"featured_media":29009,"comment_status":"open","ping_status":"open","sticky":false,"template":"","format":"standard","meta":{"footnotes":""},"categories":[1],"tags":[],"class_list":["post-29008","post","type-post","status-publish","format-standard","has-post-thumbnail","hentry","category-noticias"],"_links":{"self":[{"href":"https:\/\/blogdorogeriogomes.com.br\/noticias\/wp-json\/wp\/v2\/posts\/29008","targetHints":{"allow":["GET"]}}],"collection":[{"href":"https:\/\/blogdorogeriogomes.com.br\/noticias\/wp-json\/wp\/v2\/posts"}],"about":[{"href":"https:\/\/blogdorogeriogomes.com.br\/noticias\/wp-json\/wp\/v2\/types\/post"}],"author":[{"embeddable":true,"href":"https:\/\/blogdorogeriogomes.com.br\/noticias\/wp-json\/wp\/v2\/users\/1"}],"replies":[{"embeddable":true,"href":"https:\/\/blogdorogeriogomes.com.br\/noticias\/wp-json\/wp\/v2\/comments?post=29008"}],"version-history":[{"count":1,"href":"https:\/\/blogdorogeriogomes.com.br\/noticias\/wp-json\/wp\/v2\/posts\/29008\/revisions"}],"predecessor-version":[{"id":29010,"href":"https:\/\/blogdorogeriogomes.com.br\/noticias\/wp-json\/wp\/v2\/posts\/29008\/revisions\/29010"}],"wp:featuredmedia":[{"embeddable":true,"href":"https:\/\/blogdorogeriogomes.com.br\/noticias\/wp-json\/wp\/v2\/media\/29009"}],"wp:attachment":[{"href":"https:\/\/blogdorogeriogomes.com.br\/noticias\/wp-json\/wp\/v2\/media?parent=29008"}],"wp:term":[{"taxonomy":"category","embeddable":true,"href":"https:\/\/blogdorogeriogomes.com.br\/noticias\/wp-json\/wp\/v2\/categories?post=29008"},{"taxonomy":"post_tag","embeddable":true,"href":"https:\/\/blogdorogeriogomes.com.br\/noticias\/wp-json\/wp\/v2\/tags?post=29008"}],"curies":[{"name":"wp","href":"https:\/\/api.w.org\/{rel}","templated":true}]}}