{"id":29011,"date":"2023-04-18T10:02:03","date_gmt":"2023-04-18T10:02:03","guid":{"rendered":"https:\/\/blogdorogeriogomes.com.br\/?p=29011"},"modified":"2023-04-18T11:39:03","modified_gmt":"2023-04-18T11:39:03","slug":"governo-lula-publica-edital-com-mais-de-seis-mil-vagas-para-o-programa-mais-medicos","status":"publish","type":"post","link":"https:\/\/blogdorogeriogomes.com.br\/noticias\/2023\/04\/governo-lula-publica-edital-com-mais-de-seis-mil-vagas-para-o-programa-mais-medicos\/","title":{"rendered":"Governo Lula publica edital com mais de seis mil vagas para o programa Mais M\u00e9dicos"},"content":{"rendered":"\n<p>O Minist\u00e9rio da Sa\u00fade&nbsp;publicou um edital com 6.252 vagas para o programa Mais M\u00e9dicos para o Brasil. As vagas est\u00e3o autorizadas e foram distribu\u00eddas para cidades que desejarem renovar a participa\u00e7\u00e3o ou aderir ao programa. Fortaleza ter\u00e1 direito neste primeiro momento a 91 m\u00e9dicos.<\/p>\n\n\n\n<p>O programa Mais M\u00e9dicos foi relan\u00e7ado pelo presidente Lula no \u00faltimo dia 20 de mar\u00e7o. O objetivo do Governo Federal \u00e9 preencher vagas no Sistema \u00danico de Sa\u00fade (SUS) para atendimento de aten\u00e7\u00e3o prim\u00e1ria, em Unidades B\u00e1sicas de Sa\u00fade.<\/p>\n\n\n\n<p>O Minist\u00e9rio da Sa\u00fade informou que dever\u00e1 abrir outras 10 mil vagas at\u00e9 o final do ano, que ter\u00e3o contrapartida dos munic\u00edpios. O valor das bolsas deve continuar sendo o mesmo j\u00e1 oferecido atualmente pelo programa, de cerca de R$ 12,8 mil.&nbsp;<\/p>\n\n\n\n<figure class=\"wp-block-image size-full\"><img loading=\"lazy\" decoding=\"async\" width=\"984\" height=\"598\" src=\"https:\/\/blogdorogeriogomes.com.br\/wp-content\/uploads\/2023\/04\/mais-medico-para-o-brasil.jpg\" alt=\"\" class=\"wp-image-29012\" srcset=\"https:\/\/blogdorogeriogomes.com.br\/noticias\/wp-content\/uploads\/2023\/04\/mais-medico-para-o-brasil.jpg 984w, https:\/\/blogdorogeriogomes.com.br\/noticias\/wp-content\/uploads\/2023\/04\/mais-medico-para-o-brasil-300x182.jpg 300w, https:\/\/blogdorogeriogomes.com.br\/noticias\/wp-content\/uploads\/2023\/04\/mais-medico-para-o-brasil-768x467.jpg 768w, https:\/\/blogdorogeriogomes.com.br\/noticias\/wp-content\/uploads\/2023\/04\/mais-medico-para-o-brasil-800x486.jpg 800w\" sizes=\"auto, (max-width: 984px) 100vw, 984px\" \/><\/figure>\n","protected":false},"excerpt":{"rendered":"<p>O Minist\u00e9rio da Sa\u00fade&nbsp;publicou um edital com 6.252 vagas para o programa Mais M\u00e9dicos para o Brasil. As vagas est\u00e3o autorizadas e foram distribu\u00eddas para cidades que desejarem renovar a participa\u00e7\u00e3o ou aderir ao programa. Fortaleza ter\u00e1 direito neste primeiro momento a 91 m\u00e9dicos. O programa Mais M\u00e9dicos foi relan\u00e7ado pelo presidente Lula no \u00faltimo dia 20 de mar\u00e7o. O objetivo do Governo Federal \u00e9 preencher vagas no Sistema \u00danico de Sa\u00fade (SUS) para atendimento de aten\u00e7\u00e3o prim\u00e1ria, em&hellip;<\/p>\n","protected":false},"author":1,"featured_media":29012,"comment_status":"open","ping_status":"open","sticky":false,"template":"","format":"standard","meta":{"footnotes":""},"categories":[1],"tags":[],"class_list":["post-29011","post","type-post","status-publish","format-standard","has-post-thumbnail","hentry","category-noticias"],"_links":{"self":[{"href":"https:\/\/blogdorogeriogomes.com.br\/noticias\/wp-json\/wp\/v2\/posts\/29011","targetHints":{"allow":["GET"]}}],"collection":[{"href":"https:\/\/blogdorogeriogomes.com.br\/noticias\/wp-json\/wp\/v2\/posts"}],"about":[{"href":"https:\/\/blogdorogeriogomes.com.br\/noticias\/wp-json\/wp\/v2\/types\/post"}],"author":[{"embeddable":true,"href":"https:\/\/blogdorogeriogomes.com.br\/noticias\/wp-json\/wp\/v2\/users\/1"}],"replies":[{"embeddable":true,"href":"https:\/\/blogdorogeriogomes.com.br\/noticias\/wp-json\/wp\/v2\/comments?post=29011"}],"version-history":[{"count":2,"href":"https:\/\/blogdorogeriogomes.com.br\/noticias\/wp-json\/wp\/v2\/posts\/29011\/revisions"}],"predecessor-version":[{"id":29015,"href":"https:\/\/blogdorogeriogomes.com.br\/noticias\/wp-json\/wp\/v2\/posts\/29011\/revisions\/29015"}],"wp:featuredmedia":[{"embeddable":true,"href":"https:\/\/blogdorogeriogomes.com.br\/noticias\/wp-json\/wp\/v2\/media\/29012"}],"wp:attachment":[{"href":"https:\/\/blogdorogeriogomes.com.br\/noticias\/wp-json\/wp\/v2\/media?parent=29011"}],"wp:term":[{"taxonomy":"category","embeddable":true,"href":"https:\/\/blogdorogeriogomes.com.br\/noticias\/wp-json\/wp\/v2\/categories?post=29011"},{"taxonomy":"post_tag","embeddable":true,"href":"https:\/\/blogdorogeriogomes.com.br\/noticias\/wp-json\/wp\/v2\/tags?post=29011"}],"curies":[{"name":"wp","href":"https:\/\/api.w.org\/{rel}","templated":true}]}}