{"id":29021,"date":"2023-04-18T16:49:22","date_gmt":"2023-04-18T16:49:22","guid":{"rendered":"https:\/\/blogdorogeriogomes.com.br\/?p=29021"},"modified":"2023-04-20T15:50:25","modified_gmt":"2023-04-20T15:50:25","slug":"ministerio-da-educacao-vai-antecipar-r-18-bi-para-escolas-reforcarem-seguranca","status":"publish","type":"post","link":"https:\/\/blogdorogeriogomes.com.br\/noticias\/2023\/04\/ministerio-da-educacao-vai-antecipar-r-18-bi-para-escolas-reforcarem-seguranca\/","title":{"rendered":"Minist\u00e9rio da Educa\u00e7\u00e3o vai antecipar R$ 1,8 bi para escolas refor\u00e7arem seguran\u00e7a"},"content":{"rendered":"\n<p>Em reuni\u00e3o com o presidente Luiz In\u00e1cio Lula da Silva (PT), nesta ter\u00e7a-feira, dia 18 de abril, ministros, governadores e representantes do Judici\u00e1rio discutiram estrat\u00e9gias para combater a viol\u00eancia nas escolas, ap\u00f3s ataques registrados em v\u00e1rios estados brasileiros, inclusive, o Cear\u00e1. O governador Elmano de Freitas (PT) esteve presente ao encontro em Bras\u00edlia.<\/p>\n\n\n\n<p>O presidente Lula ressaltou que as fam\u00edlias e as redes sociais tamb\u00e9m s\u00e3o respons\u00e1veis por paz nas escolas. O ministro da Justi\u00e7a, Fl\u00e1vio Dino, afirmou que j\u00e1  foram retirados do ar 700 perfis suspeitos em redes sociais que enalteciam ou incentivavam ataques a escolas p\u00fablicas e particulares.<\/p>\n\n\n\n<p>O ministro da Educa\u00e7\u00e3o, Camilo Santana, anunciou um pacote de a\u00e7\u00f5es para refor\u00e7ar a seguran\u00e7a escolar. Ser\u00e3o liberados novos recursos na ordem de R$ 200 milh\u00f5es de reais para programas de sa\u00fade mental da comunidade escolar. <\/p>\n\n\n\n<p>Al\u00e9m disso, o Minist\u00e9rio da Educa\u00e7\u00e3o permitir\u00e1 que quase R$ 3 bilh\u00f5es, que j\u00e1 foram liberados em outros governos ou que j\u00e1 seriam, de qualquer forma, transferidos pelo Governo Lula ao longo de 2023, possam tamb\u00e9m ser empregados em a\u00e7\u00f5es de seguran\u00e7a.<\/p>\n\n\n\n<figure class=\"wp-block-image size-full\"><img loading=\"lazy\" decoding=\"async\" width=\"679\" height=\"452\" src=\"https:\/\/blogdorogeriogomes.com.br\/wp-content\/uploads\/2023\/04\/images-5.jpeg\" alt=\"\" class=\"wp-image-29022\" srcset=\"https:\/\/blogdorogeriogomes.com.br\/noticias\/wp-content\/uploads\/2023\/04\/images-5.jpeg 679w, https:\/\/blogdorogeriogomes.com.br\/noticias\/wp-content\/uploads\/2023\/04\/images-5-300x200.jpeg 300w\" sizes=\"auto, (max-width: 679px) 100vw, 679px\" \/><\/figure>\n","protected":false},"excerpt":{"rendered":"<p>Em reuni\u00e3o com o presidente Luiz In\u00e1cio Lula da Silva (PT), nesta ter\u00e7a-feira, dia 18 de abril, ministros, governadores e representantes do Judici\u00e1rio discutiram estrat\u00e9gias para combater a viol\u00eancia nas escolas, ap\u00f3s ataques registrados em v\u00e1rios estados brasileiros, inclusive, o Cear\u00e1. O governador Elmano de Freitas (PT) esteve presente ao encontro em Bras\u00edlia. O presidente Lula ressaltou que as fam\u00edlias e as redes sociais tamb\u00e9m s\u00e3o respons\u00e1veis por paz nas escolas. O ministro da Justi\u00e7a, Fl\u00e1vio Dino, afirmou que&hellip;<\/p>\n","protected":false},"author":1,"featured_media":29022,"comment_status":"open","ping_status":"open","sticky":false,"template":"","format":"standard","meta":{"footnotes":""},"categories":[1],"tags":[],"class_list":["post-29021","post","type-post","status-publish","format-standard","has-post-thumbnail","hentry","category-noticias"],"_links":{"self":[{"href":"https:\/\/blogdorogeriogomes.com.br\/noticias\/wp-json\/wp\/v2\/posts\/29021","targetHints":{"allow":["GET"]}}],"collection":[{"href":"https:\/\/blogdorogeriogomes.com.br\/noticias\/wp-json\/wp\/v2\/posts"}],"about":[{"href":"https:\/\/blogdorogeriogomes.com.br\/noticias\/wp-json\/wp\/v2\/types\/post"}],"author":[{"embeddable":true,"href":"https:\/\/blogdorogeriogomes.com.br\/noticias\/wp-json\/wp\/v2\/users\/1"}],"replies":[{"embeddable":true,"href":"https:\/\/blogdorogeriogomes.com.br\/noticias\/wp-json\/wp\/v2\/comments?post=29021"}],"version-history":[{"count":1,"href":"https:\/\/blogdorogeriogomes.com.br\/noticias\/wp-json\/wp\/v2\/posts\/29021\/revisions"}],"predecessor-version":[{"id":29023,"href":"https:\/\/blogdorogeriogomes.com.br\/noticias\/wp-json\/wp\/v2\/posts\/29021\/revisions\/29023"}],"wp:featuredmedia":[{"embeddable":true,"href":"https:\/\/blogdorogeriogomes.com.br\/noticias\/wp-json\/wp\/v2\/media\/29022"}],"wp:attachment":[{"href":"https:\/\/blogdorogeriogomes.com.br\/noticias\/wp-json\/wp\/v2\/media?parent=29021"}],"wp:term":[{"taxonomy":"category","embeddable":true,"href":"https:\/\/blogdorogeriogomes.com.br\/noticias\/wp-json\/wp\/v2\/categories?post=29021"},{"taxonomy":"post_tag","embeddable":true,"href":"https:\/\/blogdorogeriogomes.com.br\/noticias\/wp-json\/wp\/v2\/tags?post=29021"}],"curies":[{"name":"wp","href":"https:\/\/api.w.org\/{rel}","templated":true}]}}